{"id":149614,"date":"2020-01-28T08:51:59","date_gmt":"2020-01-28T11:51:59","guid":{"rendered":"http:\/\/www.caririemacao.com\/1\/?p=149614"},"modified":"2020-01-28T08:52:01","modified_gmt":"2020-01-28T11:52:01","slug":"lula-quer-dino-de-volta-ao-pt-para-que-ele-possa-encabecar-chapa-em-2022","status":"publish","type":"post","link":"https:\/\/www.caririemacao.com\/1\/2020\/01\/28\/lula-quer-dino-de-volta-ao-pt-para-que-ele-possa-encabecar-chapa-em-2022\/","title":{"rendered":"Lula quer Dino de volta ao PT para que ele possa encabe\u00e7ar chapa em 2022"},"content":{"rendered":"\n<p>As conversa\u00e7\u00f5es entre Fl\u00e1vio Dino, do PCdoB e o PT, sobre a candatura \u00e0 Presid\u00eancia da Rep\u00fablica em 2022 se intensificaram nos \u00faltimos dias.<\/p>\n\n\n\n<p>Embora n\u00e3o tivesse havido um convite formal, o ex-presidente Lula e o governador do Maranh\u00e3o se encontraram no \u00faltimo dia 18, informa&nbsp;<a href=\"https:\/\/oglobo.globo.com\/brasil\/sondado-por-lula-dino-pode-encabecar-chapa-do-pt-em-2022-1-24214981?utm_source=aplicativoOGlobo&amp;utm_medium=aplicativo&amp;utm_campaign=compartilhar\">O Globo,<\/a>&nbsp;com a participa\u00e7\u00e3o da presidente nacional do PT, a deputada Gleisi Hoffmann (PR). Durante o encontro, Lula fez a sondagem a Fl\u00e1vio Dino.<\/p>\n\n\n\n<p>Em entrevista publicada na segunda-feira (27) pelo jornal Valor Econ\u00f4mico, Gleisi disse que o partido trabalha com a reedi\u00e7\u00e3o da candidatura presidencial do ex-prefeito de S\u00e3o Paulo Fernando Haddad, mas afirmou tamb\u00e9m que considera o &nbsp;governador do Maranh\u00e3o como uma alternativa, ressaltando que ele \u201csempre foi muito leal \u00e0 causa\u201d do ex-presidente Lula.<\/p>\n\n\n\n<p>Nas pr\u00f3ximas semanas, Lula deve encontrar Dino no Maranh\u00e3o para uma agenda pol\u00edtica. Segundo petistas, o apre\u00e7o do ex-presidente por Dino cresceu em raz\u00e3o da defesa enf\u00e1tica de Lula que o governador fez quando o petista estava preso em Curitiba. Tamb\u00e9m pesa a favor de Dino seu apoio \u00e0 ex-presidente Dilma Rousseff durante o processo de impeachment.<\/p>\n\n\n\n<p>Lula n\u00e3o comentou se fez o convite a Fl\u00e1vio Dino para que se filie ao PT e se candidate \u00e0 Presid\u00eancia da Rep\u00fablica pela legenda.<\/p>\n\n\n\n<p>A interlocutores, o governador afirma que sua estrat\u00e9gia \u00e9 tirar a esquerda do isolamento e n\u00e3o ficar restrito \u00e0 bandeira do \u201cLula Livre\u201d. Ele tem dito que as for\u00e7as progressistas precisam dialogar e formar uma frente ampla em defesa da democracia.<\/p>\n\n\n\n<p>Com Brasil 247<\/p>\n","protected":false},"excerpt":{"rendered":"<p>As conversa\u00e7\u00f5es entre Fl\u00e1vio Dino, do PCdoB e o PT, sobre a candatura \u00e0 Presid\u00eancia da Rep\u00fablica em 2022 se intensificaram nos \u00faltimos dias. Embora&hellip; <\/p>\n","protected":false},"author":1,"featured_media":149616,"comment_status":"closed","ping_status":"closed","sticky":false,"template":"","format":"standard","meta":{"sfsi_plus_gutenberg_text_before_share":"","sfsi_plus_gutenberg_show_text_before_share":"","sfsi_plus_gutenberg_icon_type":"","sfsi_plus_gutenberg_icon_alignemt":"","sfsi_plus_gutenburg_max_per_row":"","footnotes":""},"categories":[50,11],"tags":[],"class_list":["post-149614","post","type-post","status-publish","format-standard","has-post-thumbnail","hentry","category-destaque","category-politica"],"_links":{"self":[{"href":"https:\/\/www.caririemacao.com\/1\/wp-json\/wp\/v2\/posts\/149614","targetHints":{"allow":["GET"]}}],"collection":[{"href":"https:\/\/www.caririemacao.com\/1\/wp-json\/wp\/v2\/posts"}],"about":[{"href":"https:\/\/www.caririemacao.com\/1\/wp-json\/wp\/v2\/types\/post"}],"author":[{"embeddable":true,"href":"https:\/\/www.caririemacao.com\/1\/wp-json\/wp\/v2\/users\/1"}],"replies":[{"embeddable":true,"href":"https:\/\/www.caririemacao.com\/1\/wp-json\/wp\/v2\/comments?post=149614"}],"version-history":[{"count":1,"href":"https:\/\/www.caririemacao.com\/1\/wp-json\/wp\/v2\/posts\/149614\/revisions"}],"predecessor-version":[{"id":149617,"href":"https:\/\/www.caririemacao.com\/1\/wp-json\/wp\/v2\/posts\/149614\/revisions\/149617"}],"wp:featuredmedia":[{"embeddable":true,"href":"https:\/\/www.caririemacao.com\/1\/wp-json\/wp\/v2\/media\/149616"}],"wp:attachment":[{"href":"https:\/\/www.caririemacao.com\/1\/wp-json\/wp\/v2\/media?parent=149614"}],"wp:term":[{"taxonomy":"category","embeddable":true,"href":"https:\/\/www.caririemacao.com\/1\/wp-json\/wp\/v2\/categories?post=149614"},{"taxonomy":"post_tag","embeddable":true,"href":"https:\/\/www.caririemacao.com\/1\/wp-json\/wp\/v2\/tags?post=149614"}],"curies":[{"name":"wp","href":"https:\/\/api.w.org\/{rel}","templated":true}]}}