{"id":149638,"date":"2020-01-28T08:57:13","date_gmt":"2020-01-28T11:57:13","guid":{"rendered":"http:\/\/www.caririemacao.com\/1\/?p=149638"},"modified":"2020-01-28T08:57:15","modified_gmt":"2020-01-28T11:57:15","slug":"estado-paga-salarios-de-janeiro-com-reajuste-a-partir-de-quinta-feira","status":"publish","type":"post","link":"https:\/\/www.caririemacao.com\/1\/2020\/01\/28\/estado-paga-salarios-de-janeiro-com-reajuste-a-partir-de-quinta-feira\/","title":{"rendered":"Estado paga sal\u00e1rios de janeiro com reajuste a partir de quinta-feira"},"content":{"rendered":"\n<p>O pagamento do funcionalismo p\u00fablico estadual, referente ao m\u00eas de janeiro, ser\u00e1 efetuado nos pr\u00f3ximos dias 30 e 31, j\u00e1 com o reajuste anunciado pelo governador Jo\u00e3o Azev\u00eado. Na quinta-feira (30), recebem os aposentados e pensionistas. J\u00e1 na sexta-feira (31) ser\u00e1 feito o pagamento dos servidores da ativa. O an\u00fancio foi feito durante o programa Fala Governador, desta segunda-feira (27), transmitido em cadeia estadual pela R\u00e1dio Tabajara e pelas redes sociais do Governo.<\/p>\n\n\n\n<p>Na oportunidade, o governador Jo\u00e3o Azev\u00eado enfatizou que o pagamento de janeiro j\u00e1 vir\u00e1 com o reajuste linear de 5% para todas as categorias, inclusive aposentados e pensionistas e tamb\u00e9m com o aumento de 12,84% para o magist\u00e9rio. \u201c\u00c9 importante dizer que isso \u00e9 fruto de um esfor\u00e7o muito grande do Governo. Alguns estados v\u00e3o judicializar os aumentos em fun\u00e7\u00e3o da incapacidade de pagamento dos 12,84% para o magist\u00e9rio e n\u00e3o est\u00e3o dando aumento geral nenhum\u201d, frisou.<\/p>\n\n\n\n<p>Vale lembrar que a Para\u00edba \u00e9 o estado do pa\u00eds que concedeu o maior reajuste salarial aos servidores p\u00fablicos em compara\u00e7\u00e3o com os demais estados do pa\u00eds, de acordo com dados do Conselho dos Secret\u00e1rios de Planejamento e da Gest\u00e3o Estrat\u00e9gica das Finan\u00e7as (Gefin).<\/p>\n\n\n\n<p>Durante o Fala Governador, Jo\u00e3o Azev\u00eado ainda acrescentou: \u201cMais uma vez, vamos fazer o pagamento dos servidores estaduais dentro do m\u00eas trabalhado, na quinta e na sexta-feira. A Para\u00edba fez o dever de casa, se preparou, fez ajustes no ano passado para que a gente continue no mesmo ritmo de crescimento em 2020\u201d, ressaltou.<\/p>\n\n\n\n<p><strong>Calend\u00e1rio<\/strong><\/p>\n\n\n\n<p>30\/01 \u2013 aposentados e pensionistas<\/p>\n\n\n\n<p>31\/01 \u2013 servidores da ativa<\/p>\n","protected":false},"excerpt":{"rendered":"<p>O pagamento do funcionalismo p\u00fablico estadual, referente ao m\u00eas de janeiro, ser\u00e1 efetuado nos pr\u00f3ximos dias 30 e 31, j\u00e1 com o reajuste anunciado pelo&hellip; <\/p>\n","protected":false},"author":1,"featured_media":149640,"comment_status":"closed","ping_status":"closed","sticky":false,"template":"","format":"standard","meta":{"sfsi_plus_gutenberg_text_before_share":"","sfsi_plus_gutenberg_show_text_before_share":"","sfsi_plus_gutenberg_icon_type":"","sfsi_plus_gutenberg_icon_alignemt":"","sfsi_plus_gutenburg_max_per_row":"","footnotes":""},"categories":[2],"tags":[],"class_list":["post-149638","post","type-post","status-publish","format-standard","has-post-thumbnail","hentry","category-geral"],"_links":{"self":[{"href":"https:\/\/www.caririemacao.com\/1\/wp-json\/wp\/v2\/posts\/149638","targetHints":{"allow":["GET"]}}],"collection":[{"href":"https:\/\/www.caririemacao.com\/1\/wp-json\/wp\/v2\/posts"}],"about":[{"href":"https:\/\/www.caririemacao.com\/1\/wp-json\/wp\/v2\/types\/post"}],"author":[{"embeddable":true,"href":"https:\/\/www.caririemacao.com\/1\/wp-json\/wp\/v2\/users\/1"}],"replies":[{"embeddable":true,"href":"https:\/\/www.caririemacao.com\/1\/wp-json\/wp\/v2\/comments?post=149638"}],"version-history":[{"count":1,"href":"https:\/\/www.caririemacao.com\/1\/wp-json\/wp\/v2\/posts\/149638\/revisions"}],"predecessor-version":[{"id":149641,"href":"https:\/\/www.caririemacao.com\/1\/wp-json\/wp\/v2\/posts\/149638\/revisions\/149641"}],"wp:featuredmedia":[{"embeddable":true,"href":"https:\/\/www.caririemacao.com\/1\/wp-json\/wp\/v2\/media\/149640"}],"wp:attachment":[{"href":"https:\/\/www.caririemacao.com\/1\/wp-json\/wp\/v2\/media?parent=149638"}],"wp:term":[{"taxonomy":"category","embeddable":true,"href":"https:\/\/www.caririemacao.com\/1\/wp-json\/wp\/v2\/categories?post=149638"},{"taxonomy":"post_tag","embeddable":true,"href":"https:\/\/www.caririemacao.com\/1\/wp-json\/wp\/v2\/tags?post=149638"}],"curies":[{"name":"wp","href":"https:\/\/api.w.org\/{rel}","templated":true}]}}