{"id":149652,"date":"2020-01-28T09:07:01","date_gmt":"2020-01-28T12:07:01","guid":{"rendered":"http:\/\/www.caririemacao.com\/1\/?p=149652"},"modified":"2020-01-28T09:07:02","modified_gmt":"2020-01-28T12:07:02","slug":"quando-o-inss-vai-pagar-a-diferenca-do-salario-minimo","status":"publish","type":"post","link":"https:\/\/www.caririemacao.com\/1\/2020\/01\/28\/quando-o-inss-vai-pagar-a-diferenca-do-salario-minimo\/","title":{"rendered":"Quando o INSS vai pagar a diferen\u00e7a do sal\u00e1rio m\u00ednimo?"},"content":{"rendered":"\n<p>A&nbsp;Secretaria de Previd\u00eancia informou nesta segunda-feira (27) que espera por uma publica\u00e7\u00e3o oficial do presidente Jair Bolsonaro&nbsp;para definir se haver\u00e1 compensa\u00e7\u00e3o aos benefici\u00e1rios do INSS pelo dep\u00f3sito, na folha de pagamentos de janeiro, do piso salarial com reajuste&nbsp;abaixo da infla\u00e7\u00e3o.<\/p>\n\n\n\n<p>Aposentados, pensionistas e demais benefici\u00e1rios do INSS que ganham&nbsp;o piso da&nbsp;Previd\u00eancia, que corresponde a um sal\u00e1rio m\u00ednimo, come\u00e7aram a receber nesta segunda&nbsp;o novo valor de&nbsp;R$ 1.039.<\/p>\n\n\n\n<p>O valor reajustado&nbsp;representa&nbsp;4,11% de acr\u00e9scimo&nbsp;em rela\u00e7\u00e3o ao piso de R$ 998 pago em 2019. Essa corre\u00e7\u00e3o ficou&nbsp;abaixo da infla\u00e7\u00e3o&nbsp;de 4,48%&nbsp;registrada pelo INPC (\u00cdndice Nacional de Pre\u00e7os ao Consumidor) e que ser\u00e1 aplicada aos benef\u00edcios com valores acima do piso.<\/p>\n\n\n\n<p>Em 14 de janeiro, por\u00e9m, Bolsonaro afirmou que elevaria&nbsp;o valor do sal\u00e1rio m\u00ednimo para R$ 1.045 a partir de fevereiro. A altera\u00e7\u00e3o, segundo o governo, ser\u00e1&nbsp;por meio de uma medida provis\u00f3ria.<\/p>\n\n\n\n<p>A expectativa da Secretaria de Previd\u00eancia \u00e9 pagar o piso de R$ 1.045 a partir da folha de fevereiro, que&nbsp;ser\u00e1 depositada aos benefici\u00e1rios entre 19 de fevereiro e 6 de mar\u00e7o.<\/p>\n\n\n\n<p>Questionada pela reportagem&nbsp;sobre o pagamento ao segurados da diferen\u00e7a de R$ 6 entre os dois pisos, a pasta informou ainda aguardar a defini\u00e7\u00e3o da Presid\u00eancia da Rep\u00fablica.<\/p>\n\n\n\n<p>\u201cTodos os termos relacionados \u00e0&nbsp;aplica\u00e7\u00e3o do valor do novo sal\u00e1rio m\u00ednimo estar\u00e3o previstos na medida&nbsp;provis\u00f3ria que ainda ser\u00e1 publicada pelo presidente da Rep\u00fablica, Jair Bolsonaro\u201d, comunicou&nbsp;a Previd\u00eancia, em nota.<\/p>\n\n\n\n<p>A Secretaria Geral da Presid\u00eancia da Rep\u00fablica informou n\u00e3o haver previs\u00e3o para publica\u00e7\u00e3o da medida sobre o novo piso salarial do pa\u00eds.<br>Bolsonaro&nbsp;esteve em viagem oficial \u00e0 \u00cdndia desde o \u00faltimo s\u00e1bado (25) e embarcou para o Brasil na manh\u00e3 desta segunda (27).<\/p>\n\n\n\n<p>Para o presidente do Ieprev&nbsp;(Instituto de Estudos Previdenci\u00e1rios), Roberto de Carvalho Santos, o pagamento do piso abaixo da infla\u00e7\u00e3o \u00e9 inconstitucional e pode ser reclamado na Justi\u00e7a.<\/p>\n\n\n\n<p>\u201cDificilmente um aposentado ir\u00e1&nbsp;reclamar&nbsp;essa&nbsp;diferen\u00e7a, que \u00e9 pequena,&nbsp;por meio de uma a\u00e7\u00e3o individual, mas institutos sem fins lucrativos e que est\u00e3o aptos a mover a\u00e7\u00f5es civis p\u00fablicas&nbsp;podem iniciar um processo em defesa dos segurados\u201d, afirma&nbsp;Santos. \u201cEssa \u00e9 uma possibilidade que estamos avaliando aqui no Ieprev\u201d, diz.<\/p>\n\n\n\n<p>Adriane Bramante, presidente do IBDP&nbsp;(Instituto Brasileiro de Direito Previdenci\u00e1rio), avalia que ainda \u00e9 cedo para pensar em uma a\u00e7\u00e3o contra o governo. \u201c\u00c9 poss\u00edvel que o INSS pague os valores retroativos e, nesse caso, n\u00e3o caberia a\u00e7\u00e3o.\u201d<\/p>\n","protected":false},"excerpt":{"rendered":"<p>A&nbsp;Secretaria de Previd\u00eancia informou nesta segunda-feira (27) que espera por uma publica\u00e7\u00e3o oficial do presidente Jair Bolsonaro&nbsp;para definir se haver\u00e1 compensa\u00e7\u00e3o aos benefici\u00e1rios do INSS&hellip; <\/p>\n","protected":false},"author":1,"featured_media":84313,"comment_status":"closed","ping_status":"closed","sticky":false,"template":"","format":"standard","meta":{"sfsi_plus_gutenberg_text_before_share":"","sfsi_plus_gutenberg_show_text_before_share":"","sfsi_plus_gutenberg_icon_type":"","sfsi_plus_gutenberg_icon_alignemt":"","sfsi_plus_gutenburg_max_per_row":"","footnotes":""},"categories":[2],"tags":[],"class_list":["post-149652","post","type-post","status-publish","format-standard","has-post-thumbnail","hentry","category-geral"],"_links":{"self":[{"href":"https:\/\/www.caririemacao.com\/1\/wp-json\/wp\/v2\/posts\/149652","targetHints":{"allow":["GET"]}}],"collection":[{"href":"https:\/\/www.caririemacao.com\/1\/wp-json\/wp\/v2\/posts"}],"about":[{"href":"https:\/\/www.caririemacao.com\/1\/wp-json\/wp\/v2\/types\/post"}],"author":[{"embeddable":true,"href":"https:\/\/www.caririemacao.com\/1\/wp-json\/wp\/v2\/users\/1"}],"replies":[{"embeddable":true,"href":"https:\/\/www.caririemacao.com\/1\/wp-json\/wp\/v2\/comments?post=149652"}],"version-history":[{"count":1,"href":"https:\/\/www.caririemacao.com\/1\/wp-json\/wp\/v2\/posts\/149652\/revisions"}],"predecessor-version":[{"id":149656,"href":"https:\/\/www.caririemacao.com\/1\/wp-json\/wp\/v2\/posts\/149652\/revisions\/149656"}],"wp:featuredmedia":[{"embeddable":true,"href":"https:\/\/www.caririemacao.com\/1\/wp-json\/wp\/v2\/media\/84313"}],"wp:attachment":[{"href":"https:\/\/www.caririemacao.com\/1\/wp-json\/wp\/v2\/media?parent=149652"}],"wp:term":[{"taxonomy":"category","embeddable":true,"href":"https:\/\/www.caririemacao.com\/1\/wp-json\/wp\/v2\/categories?post=149652"},{"taxonomy":"post_tag","embeddable":true,"href":"https:\/\/www.caririemacao.com\/1\/wp-json\/wp\/v2\/tags?post=149652"}],"curies":[{"name":"wp","href":"https:\/\/api.w.org\/{rel}","templated":true}]}}