{"id":149670,"date":"2020-01-28T11:22:50","date_gmt":"2020-01-28T14:22:50","guid":{"rendered":"http:\/\/www.caririemacao.com\/1\/?p=149670"},"modified":"2020-01-28T11:22:53","modified_gmt":"2020-01-28T14:22:53","slug":"detran-pb-divulga-novas-regras-para-emplacamento-de-veiculos-novos","status":"publish","type":"post","link":"https:\/\/www.caririemacao.com\/1\/2020\/01\/28\/detran-pb-divulga-novas-regras-para-emplacamento-de-veiculos-novos\/","title":{"rendered":"Detran-PB divulga novas regras para emplacamento de ve\u00edculos novos"},"content":{"rendered":"\n<p>O Departamento Estadual de Tr\u00e2nsito da Para\u00edba (Detran-PB) divulgou novas regras para o emplacamento de ve\u00edculos novos, publicadas no Di\u00e1rio Oficial do Estado desta ter\u00e7a-feira (28).<\/p>\n\n\n\n<p>De acordo com a portaria, o emplacamento pode ser feito na pr\u00f3pria concession\u00e1ria, ou por meio de despachantes autorizados.&nbsp;<\/p>\n\n\n\n<p>No caso de o emplacamento ser feito na concession\u00e1ria, a empresa estampadora das Placas de Identifica\u00e7\u00e3o Veicular (PIV) deve distribuir as placas para a loja em at\u00e9 24 horas ap\u00f3s a autoriza\u00e7\u00e3o do Detran, no caso de Jo\u00e3o Pessoa, Campina Grande, Patos, Souza, Cajazeiras e Guarabira. No caso dos outros munic\u00edpios, a entrega das PIV deve ser feita em at\u00e9 72 horas.<\/p>\n\n\n\n<p>As concession\u00e1rias de ve\u00edculos novos dever\u00e3o enviar termo de compromisso e responsabilidade, assinado pelo representante legal, indicando os respons\u00e1veis pelas atribui\u00e7\u00f5es do sistema de instala\u00e7\u00e3o para fins de fiscaliza\u00e7\u00e3o.<\/p>\n\n\n\n<p>O emplacamento tamb\u00e9m poder\u00e1 ser feito por meio de despachante, que pode ele mesmo realizar a instala\u00e7\u00e3o das placas, desde que devidamente autorizado pelo Detran-PB. As placas s\u00f3 podem ser instaladas ap\u00f3s a emiss\u00e3o da documenta\u00e7\u00e3o do ve\u00edculo.<\/p>\n\n\n\n<figure class=\"wp-block-image\"><img decoding=\"async\" data-src=\"https:\/\/www.clickpb.com.br\/media\/filer_public\/2e\/e8\/2ee83172-aa7a-4a6c-a4e8-8ff764e9581f\/diario_oficial_28-01-2020_total-3-2.jpg\" alt=\"\" src=\"data:image\/svg+xml;base64,PHN2ZyB3aWR0aD0iMSIgaGVpZ2h0PSIxIiB4bWxucz0iaHR0cDovL3d3dy53My5vcmcvMjAwMC9zdmciPjwvc3ZnPg==\" class=\"lazyload\" \/><\/figure>\n","protected":false},"excerpt":{"rendered":"<p>O Departamento Estadual de Tr\u00e2nsito da Para\u00edba (Detran-PB) divulgou novas regras para o emplacamento de ve\u00edculos novos, publicadas no Di\u00e1rio Oficial do Estado desta ter\u00e7a-feira&hellip; <\/p>\n","protected":false},"author":1,"featured_media":149671,"comment_status":"closed","ping_status":"closed","sticky":false,"template":"","format":"standard","meta":{"sfsi_plus_gutenberg_text_before_share":"","sfsi_plus_gutenberg_show_text_before_share":"","sfsi_plus_gutenberg_icon_type":"","sfsi_plus_gutenberg_icon_alignemt":"","sfsi_plus_gutenburg_max_per_row":"","footnotes":""},"categories":[50,2],"tags":[],"class_list":["post-149670","post","type-post","status-publish","format-standard","has-post-thumbnail","hentry","category-destaque","category-geral"],"_links":{"self":[{"href":"https:\/\/www.caririemacao.com\/1\/wp-json\/wp\/v2\/posts\/149670","targetHints":{"allow":["GET"]}}],"collection":[{"href":"https:\/\/www.caririemacao.com\/1\/wp-json\/wp\/v2\/posts"}],"about":[{"href":"https:\/\/www.caririemacao.com\/1\/wp-json\/wp\/v2\/types\/post"}],"author":[{"embeddable":true,"href":"https:\/\/www.caririemacao.com\/1\/wp-json\/wp\/v2\/users\/1"}],"replies":[{"embeddable":true,"href":"https:\/\/www.caririemacao.com\/1\/wp-json\/wp\/v2\/comments?post=149670"}],"version-history":[{"count":1,"href":"https:\/\/www.caririemacao.com\/1\/wp-json\/wp\/v2\/posts\/149670\/revisions"}],"predecessor-version":[{"id":149672,"href":"https:\/\/www.caririemacao.com\/1\/wp-json\/wp\/v2\/posts\/149670\/revisions\/149672"}],"wp:featuredmedia":[{"embeddable":true,"href":"https:\/\/www.caririemacao.com\/1\/wp-json\/wp\/v2\/media\/149671"}],"wp:attachment":[{"href":"https:\/\/www.caririemacao.com\/1\/wp-json\/wp\/v2\/media?parent=149670"}],"wp:term":[{"taxonomy":"category","embeddable":true,"href":"https:\/\/www.caririemacao.com\/1\/wp-json\/wp\/v2\/categories?post=149670"},{"taxonomy":"post_tag","embeddable":true,"href":"https:\/\/www.caririemacao.com\/1\/wp-json\/wp\/v2\/tags?post=149670"}],"curies":[{"name":"wp","href":"https:\/\/api.w.org\/{rel}","templated":true}]}}