{"id":149684,"date":"2020-01-28T11:24:57","date_gmt":"2020-01-28T14:24:57","guid":{"rendered":"http:\/\/www.caririemacao.com\/1\/?p=149684"},"modified":"2020-01-28T11:27:22","modified_gmt":"2020-01-28T14:27:22","slug":"assessor-do-planalto-usa-jato-da-fab-para-voo-exclusivo-a-india-e-e-afastado-por-bolsonaro","status":"publish","type":"post","link":"https:\/\/www.caririemacao.com\/1\/2020\/01\/28\/assessor-do-planalto-usa-jato-da-fab-para-voo-exclusivo-a-india-e-e-afastado-por-bolsonaro\/","title":{"rendered":"Assessor do Planalto usa jato da FAB para voo exclusivo \u00e0 \u00cdndia e \u00e9 afastado por Bolsonaro"},"content":{"rendered":"\n<p>O presidente Jair Bolsonaro afirmou nesta ter\u00e7a-feira (28) que o secret\u00e1rio-executivo da Casa Civil, Vicente Santini, ser\u00e1 destitu\u00eddo do cargo ap\u00f3s usar um jato da FAB (For\u00e7a A\u00e9rea Brasileira) para viajar \u00e0 \u00cdndia.<\/p>\n\n\n\n<p>&#8220;Inadmiss\u00edvel o que aconteceu. J\u00e1 est\u00e1 destitu\u00eddo da fun\u00e7\u00e3o de executivo do Onyx [Lorenzoni]. Destitu\u00eddo por mim. Vou conversar com Onyx para decidir quais outras medidas podem ser tomadas contra ele. \u00c9 inadmiss\u00edvel o que aconteceu, ponto final&#8221;, afirmou o presidente ao chegar ao Pal\u00e1cio da Alvorada ap\u00f3s viagem \u00e0 \u00cdndia.&nbsp;<\/p>\n\n\n\n<p>Bolsonaro ficou irritado com o fato de Santini ter usado um jato da FAB com apenas tr\u00eas passageiros para voar de Davos, onde participava do F\u00f3rum Econ\u00f4mico Mundial, para D\u00e9li, para acompanhar a viagem presidencial.<\/p>\n\n\n\n<p>A informa\u00e7\u00e3o foi divulgada pelo jornal O Globo. Segundo o jornal, Santini seguiu de Davos (Su\u00ed\u00e7a) para a \u00cdndia num voo da FAB com apenas mais duas assessoras. O secret\u00e1rio estava representando o titular da Casa Civil, Onyx Lorenzoni, que est\u00e1 em f\u00e9rias.&nbsp;<\/p>\n\n\n\n<p>Ao dizer que Santini deixar\u00e1 o posto que ocupa atualmente, o presidente n\u00e3o excluiu a possibilidade de ele ocupar outras fun\u00e7\u00f5es no governo.<\/p>\n\n\n\n<p>&#8220;O cargo de executivo da Casa Civil j\u00e1 est\u00e1 perdido. Outras coisas vir\u00e3o depois de eu conversar com Onyx&#8221;, disse. &#8220;Isso \u00e9 decis\u00e3o minha. Aguardo Onyx, n\u00e3o posso tamb\u00e9m desprestigiar o ministro, n\u00e9? Vou ver os argumentos dele. Da\u00ed ver se teremos mais alguma medida suplementar disso a\u00ed&#8221;, disse.&nbsp;<\/p>\n\n\n\n<p>Bolsonaro disse que o uso da aeronave n\u00e3o \u00e9 &#8220;ilegal&#8221; mas &#8220;imoral&#8221;. A assessoria de imprensa da Casa Civil informou que &#8220;a solicita\u00e7\u00e3o [do avi\u00e3o] seguiu os crit\u00e9rios definidos na legisla\u00e7\u00e3o vigente&#8221;.<\/p>\n\n\n\n<p>&#8220;O que ele fez n\u00e3o \u00e9 ilegal, mas \u00e9 completamente imoral. Ministros antigos foram de avi\u00f5es l\u00e1 comercial, classe econ\u00f4mica. Eu mesmo j\u00e1 viajei no passado, n\u00e3o era presidente, para \u00c1sia toda de comercial classe econ\u00f4mica, e n\u00e3o entendi. A explica\u00e7\u00e3o que chegou no primeiro momento &#8216;ele teve de participar de reuni\u00e3o de ministros por isso&#8230;&#8217; Essa n\u00e3o, essa desculpa n\u00e3o vale.&#8221;&nbsp;<\/p>\n","protected":false},"excerpt":{"rendered":"<p>O presidente Jair Bolsonaro afirmou nesta ter\u00e7a-feira (28) que o secret\u00e1rio-executivo da Casa Civil, Vicente Santini, ser\u00e1 destitu\u00eddo do cargo ap\u00f3s usar um jato da&hellip; <\/p>\n","protected":false},"author":1,"featured_media":149695,"comment_status":"closed","ping_status":"closed","sticky":false,"template":"","format":"standard","meta":{"sfsi_plus_gutenberg_text_before_share":"","sfsi_plus_gutenberg_show_text_before_share":"","sfsi_plus_gutenberg_icon_type":"","sfsi_plus_gutenberg_icon_alignemt":"","sfsi_plus_gutenburg_max_per_row":"","footnotes":""},"categories":[11],"tags":[],"class_list":["post-149684","post","type-post","status-publish","format-standard","has-post-thumbnail","hentry","category-politica"],"_links":{"self":[{"href":"https:\/\/www.caririemacao.com\/1\/wp-json\/wp\/v2\/posts\/149684","targetHints":{"allow":["GET"]}}],"collection":[{"href":"https:\/\/www.caririemacao.com\/1\/wp-json\/wp\/v2\/posts"}],"about":[{"href":"https:\/\/www.caririemacao.com\/1\/wp-json\/wp\/v2\/types\/post"}],"author":[{"embeddable":true,"href":"https:\/\/www.caririemacao.com\/1\/wp-json\/wp\/v2\/users\/1"}],"replies":[{"embeddable":true,"href":"https:\/\/www.caririemacao.com\/1\/wp-json\/wp\/v2\/comments?post=149684"}],"version-history":[{"count":1,"href":"https:\/\/www.caririemacao.com\/1\/wp-json\/wp\/v2\/posts\/149684\/revisions"}],"predecessor-version":[{"id":149686,"href":"https:\/\/www.caririemacao.com\/1\/wp-json\/wp\/v2\/posts\/149684\/revisions\/149686"}],"wp:featuredmedia":[{"embeddable":true,"href":"https:\/\/www.caririemacao.com\/1\/wp-json\/wp\/v2\/media\/149695"}],"wp:attachment":[{"href":"https:\/\/www.caririemacao.com\/1\/wp-json\/wp\/v2\/media?parent=149684"}],"wp:term":[{"taxonomy":"category","embeddable":true,"href":"https:\/\/www.caririemacao.com\/1\/wp-json\/wp\/v2\/categories?post=149684"},{"taxonomy":"post_tag","embeddable":true,"href":"https:\/\/www.caririemacao.com\/1\/wp-json\/wp\/v2\/tags?post=149684"}],"curies":[{"name":"wp","href":"https:\/\/api.w.org\/{rel}","templated":true}]}}