{"id":149700,"date":"2020-01-28T11:30:25","date_gmt":"2020-01-28T14:30:25","guid":{"rendered":"http:\/\/www.caririemacao.com\/1\/?p=149700"},"modified":"2020-01-28T11:30:27","modified_gmt":"2020-01-28T14:30:27","slug":"atraso-na-divulgacao-do-sisu-pode-afetar-cronograma-da-ufpb","status":"publish","type":"post","link":"https:\/\/www.caririemacao.com\/1\/2020\/01\/28\/atraso-na-divulgacao-do-sisu-pode-afetar-cronograma-da-ufpb\/","title":{"rendered":"Atraso na divulga\u00e7\u00e3o do Sisu pode afetar cronograma da UFPB"},"content":{"rendered":"\n<p>A Pr\u00f3-Reitoria de Gradua\u00e7\u00e3o (PRG) da Universidade Federal da Para\u00edba (UFPB) admitiu que pode haver altera\u00e7\u00e3o no cronograma de matr\u00edcula para os ingressantes do Sistema de Sele\u00e7\u00e3o Unificada (Sisu), em decorr\u00eancia da decis\u00e3o judicial que impediu a divulga\u00e7\u00e3o do resultado da sele\u00e7\u00e3o.<\/p>\n\n\n\n<p>A divulga\u00e7\u00e3o do resultado do Sisu est\u00e1 em disputa judicial ap\u00f3s o Minist\u00e9rio da Educa\u00e7\u00e3o (MEC) admitir que houve erro na corre\u00e7\u00e3o do Exame Nacional do Ensino M\u00e9dio (Enem) 2019. As notas do Enem s\u00e3o crit\u00e9rio para concorrer a uma das 237,1 mil vagas em universidades p\u00fablicas, disputadas pelo Sisu. Na UFPB, s\u00e3o quase oito mil vagas dispon\u00edveis. Segundo o ministro da Educa\u00e7\u00e3o, Abraham Weintraub, a falha afetou quase 6 mil candidatos.<\/p>\n\n\n\n<p>\u201cEstamos com tudo preparado, s\u00e3o centros 16 centros de ensino mobilizados para o cadastramento que seria realizado nos dias 30 e 31 de janeiro e 03 e 04 de fevereiro, mas j\u00e1 n\u00e3o sabemos o que fazer, uma vez que o MEC n\u00e3o diz que far\u00e1\u201d, disse a professora Ariane S\u00e1, Pr\u00f3-Reitora de Gradua\u00e7\u00e3o da UFPB. \u201cEstamos lidando com vidas, \u00e9 complicado porque j\u00e1 h\u00e1 um desgaste de todos em tentar passar no Enem e surge mais esse problema. Nem todos moram na cidade em que pretende cursar determinado curso\u201d, pontuou.<\/p>\n\n\n\n<p>No \u00faltimo domingo (26), a presidente do Tribunal Regional Federal da 3\u00aa Regi\u00e3o (TRF-3), desembargadora Therezinha Cazerta, rejeitou pedido da AGU para derrubar a decis\u00e3o que suspende a divulga\u00e7\u00e3o do Sisu. Com a decis\u00e3o do TRF-3, segue em vigor a liminar (decis\u00e3o provis\u00f3ria) concedida pela Justi\u00e7a Federal de S\u00e3o Paulo \u2013 que impede que os resultados sejam divulgados na ter\u00e7a-feira (28).<\/p>\n\n\n\n<p>Se o impedimento n\u00e3o for derrubado, Ariane S\u00e1 explicou que um novo edital precisar\u00e1 ser publicado para as matr\u00edcula dos ingressantes no Sisu.<\/p>\n\n\n\n<p><strong>MaisPB<\/strong><\/p>\n","protected":false},"excerpt":{"rendered":"<p>A Pr\u00f3-Reitoria de Gradua\u00e7\u00e3o (PRG) da Universidade Federal da Para\u00edba (UFPB) admitiu que pode haver altera\u00e7\u00e3o no cronograma de matr\u00edcula para os ingressantes do Sistema&hellip; <\/p>\n","protected":false},"author":1,"featured_media":40963,"comment_status":"closed","ping_status":"closed","sticky":false,"template":"","format":"standard","meta":{"sfsi_plus_gutenberg_text_before_share":"","sfsi_plus_gutenberg_show_text_before_share":"","sfsi_plus_gutenberg_icon_type":"","sfsi_plus_gutenberg_icon_alignemt":"","sfsi_plus_gutenburg_max_per_row":"","footnotes":""},"categories":[14],"tags":[],"class_list":["post-149700","post","type-post","status-publish","format-standard","has-post-thumbnail","hentry","category-educacao"],"_links":{"self":[{"href":"https:\/\/www.caririemacao.com\/1\/wp-json\/wp\/v2\/posts\/149700","targetHints":{"allow":["GET"]}}],"collection":[{"href":"https:\/\/www.caririemacao.com\/1\/wp-json\/wp\/v2\/posts"}],"about":[{"href":"https:\/\/www.caririemacao.com\/1\/wp-json\/wp\/v2\/types\/post"}],"author":[{"embeddable":true,"href":"https:\/\/www.caririemacao.com\/1\/wp-json\/wp\/v2\/users\/1"}],"replies":[{"embeddable":true,"href":"https:\/\/www.caririemacao.com\/1\/wp-json\/wp\/v2\/comments?post=149700"}],"version-history":[{"count":1,"href":"https:\/\/www.caririemacao.com\/1\/wp-json\/wp\/v2\/posts\/149700\/revisions"}],"predecessor-version":[{"id":149704,"href":"https:\/\/www.caririemacao.com\/1\/wp-json\/wp\/v2\/posts\/149700\/revisions\/149704"}],"wp:featuredmedia":[{"embeddable":true,"href":"https:\/\/www.caririemacao.com\/1\/wp-json\/wp\/v2\/media\/40963"}],"wp:attachment":[{"href":"https:\/\/www.caririemacao.com\/1\/wp-json\/wp\/v2\/media?parent=149700"}],"wp:term":[{"taxonomy":"category","embeddable":true,"href":"https:\/\/www.caririemacao.com\/1\/wp-json\/wp\/v2\/categories?post=149700"},{"taxonomy":"post_tag","embeddable":true,"href":"https:\/\/www.caririemacao.com\/1\/wp-json\/wp\/v2\/tags?post=149700"}],"curies":[{"name":"wp","href":"https:\/\/api.w.org\/{rel}","templated":true}]}}