{"id":149706,"date":"2020-01-28T11:32:19","date_gmt":"2020-01-28T14:32:19","guid":{"rendered":"http:\/\/www.caririemacao.com\/1\/?p=149706"},"modified":"2020-01-28T11:32:20","modified_gmt":"2020-01-28T14:32:20","slug":"na-paraiba-homem-encontra-r-3-25000-perdidos-por-funcionaria-publica-e-devolve-todo-o-dinheiro","status":"publish","type":"post","link":"https:\/\/www.caririemacao.com\/1\/2020\/01\/28\/na-paraiba-homem-encontra-r-3-25000-perdidos-por-funcionaria-publica-e-devolve-todo-o-dinheiro\/","title":{"rendered":"NA PARA\u00cdBA: Homem encontra R$ 3.250,00 perdidos por funcion\u00e1ria p\u00fablica e devolve todo o dinheiro"},"content":{"rendered":"\n<p>Por volta das 7h40min da manh\u00e3 deste s\u00e1bado (27) a funcion\u00e1ria p\u00fablica Maria Cl\u00e1udia da Costa Ferreira, conhecida como Claudiaeloa Alcantra, residente no bairro de Monte Castelo, perdeu R$ 3.250,00 em algum trecho do percurso entre a Rua Ant\u00f4nio Barreto, no Monte Castelo; e a Rua Padre Anchieta, no Santo Ant\u00f4nio, na cidade de Patos.<\/p>\n\n\n\n<p>Ela procurou a um jornal local que divulgou o fato e informou que quem viesse a encontrar o dinheiro receberia uma gratifica\u00e7\u00e3o de R$ 500,00. Um n\u00famero de telefone foi informado para quem achasse o dinheiro pudesse entrar em contato.<\/p>\n\n\n\n<p>Um homem conhecido como \u201cBor\u00f3\u201d, que mora na localidade conhecida como Jatob\u00e1 e trabalha como azulejista, encontrou o dinheiro e, sua filha, que havia visto o apelo da mulher nas redes sociais, entrou em contato com a funcion\u00e1ria p\u00fablica e o dinheiro foi devolvido (ele recebeu a recompensa prometida).<\/p>\n\n\n\n<p>\u201cAgrade\u00e7o de cora\u00e7\u00e3o a esse senhor que devolveu o dinheiro, e a todos que compartilharam nas redes sociais. Eu me senti feliz em ver a sensibilidade das pessoas nas redes, pedindo que quem encontrasse, devolvesse. Que Deus aben\u00e7oe a todos\u201d, disse ela.<\/p>\n\n\n\n<p><em>Folha Patoense&nbsp;<\/em><\/p>\n","protected":false},"excerpt":{"rendered":"<p>Por volta das 7h40min da manh\u00e3 deste s\u00e1bado (27) a funcion\u00e1ria p\u00fablica Maria Cl\u00e1udia da Costa Ferreira, conhecida como Claudiaeloa Alcantra, residente no bairro de&hellip; <\/p>\n","protected":false},"author":1,"featured_media":149711,"comment_status":"closed","ping_status":"closed","sticky":false,"template":"","format":"standard","meta":{"sfsi_plus_gutenberg_text_before_share":"","sfsi_plus_gutenberg_show_text_before_share":"","sfsi_plus_gutenberg_icon_type":"","sfsi_plus_gutenberg_icon_alignemt":"","sfsi_plus_gutenburg_max_per_row":"","footnotes":""},"categories":[50,2],"tags":[],"class_list":["post-149706","post","type-post","status-publish","format-standard","has-post-thumbnail","hentry","category-destaque","category-geral"],"_links":{"self":[{"href":"https:\/\/www.caririemacao.com\/1\/wp-json\/wp\/v2\/posts\/149706","targetHints":{"allow":["GET"]}}],"collection":[{"href":"https:\/\/www.caririemacao.com\/1\/wp-json\/wp\/v2\/posts"}],"about":[{"href":"https:\/\/www.caririemacao.com\/1\/wp-json\/wp\/v2\/types\/post"}],"author":[{"embeddable":true,"href":"https:\/\/www.caririemacao.com\/1\/wp-json\/wp\/v2\/users\/1"}],"replies":[{"embeddable":true,"href":"https:\/\/www.caririemacao.com\/1\/wp-json\/wp\/v2\/comments?post=149706"}],"version-history":[{"count":1,"href":"https:\/\/www.caririemacao.com\/1\/wp-json\/wp\/v2\/posts\/149706\/revisions"}],"predecessor-version":[{"id":149712,"href":"https:\/\/www.caririemacao.com\/1\/wp-json\/wp\/v2\/posts\/149706\/revisions\/149712"}],"wp:featuredmedia":[{"embeddable":true,"href":"https:\/\/www.caririemacao.com\/1\/wp-json\/wp\/v2\/media\/149711"}],"wp:attachment":[{"href":"https:\/\/www.caririemacao.com\/1\/wp-json\/wp\/v2\/media?parent=149706"}],"wp:term":[{"taxonomy":"category","embeddable":true,"href":"https:\/\/www.caririemacao.com\/1\/wp-json\/wp\/v2\/categories?post=149706"},{"taxonomy":"post_tag","embeddable":true,"href":"https:\/\/www.caririemacao.com\/1\/wp-json\/wp\/v2\/tags?post=149706"}],"curies":[{"name":"wp","href":"https:\/\/api.w.org\/{rel}","templated":true}]}}