{"id":149716,"date":"2020-01-28T11:33:25","date_gmt":"2020-01-28T14:33:25","guid":{"rendered":"http:\/\/www.caririemacao.com\/1\/?p=149716"},"modified":"2020-01-28T11:33:27","modified_gmt":"2020-01-28T14:33:27","slug":"livania-farias-cita-auditor-do-tce-em-mais-um-trecho-vazado-da-delacao","status":"publish","type":"post","link":"https:\/\/www.caririemacao.com\/1\/2020\/01\/28\/livania-farias-cita-auditor-do-tce-em-mais-um-trecho-vazado-da-delacao\/","title":{"rendered":"Liv\u00e2nia Farias cita auditor do TCE em mais um trecho vazado da dela\u00e7\u00e3o"},"content":{"rendered":"\n<p>Em um novo trecho de \u00e1udio vazado, a ex-secret\u00e1ria de Estado da Administra\u00e7\u00e3o, Liv\u00e2nia Farias, revelou que o empres\u00e1rio da Cruz Vermelha Brasileira, Daniel Gomes, teria conseguido o apoio do auditor do Tribunal de Contas do Estado (TCE-PB), Richard Euler Dantas, para as auditorias do Hospital de Trauma Senador Humberto Lucena, em Jo\u00e3o Pessoa, por meio de troca de favores. Segundo Liv\u00e2nia, o epis\u00f3dio aconteceu entre os anos de 2015 e 2016.<\/p>\n\n\n\n<p>Durante a dela\u00e7\u00e3o, a ex-secret\u00e1ria revelou apenas o que Daniel Gomes tinha dito. Ela disse que questionou Daniel sobre como ia fazer para chegar at\u00e9 o auditor e o empres\u00e1rio teria respondido que tinha \u201cum pessoal bom\u201d e ia ver como faria.<\/p>\n\n\n\n<p>Um tempo depois, segundo Liv\u00e2nia Farias, Daniel a procurou e disse que tinha gravado a entrega de um dinheiro para o auditor do TCE-PB, revelando que na ocasi\u00e3o, o auditor queria muito que, ao inv\u00e9s do pr\u00e9dio que era alugado a Ney Suassuna, ele (Daniel) rescindisse o contrato e alugasse os im\u00f3veis que ele tinha.<\/p>\n\n\n\n<p>Liv\u00e2nia contou que Daniel ficou curioso em saber como o auditor tinha os im\u00f3veis, sendo apenas um auditor do Tribunal de Contas. \u201cSegundo Daniel, fez um levantamento e descobriu que os im\u00f3veis estavam todos em nome de um sobrinho. E de fato tinham v\u00e1rios bens com esse menino que na \u00e9poca tinha 8 ou 9 anos de idade. E a\u00ed ele tamb\u00e9m se preocupou em fazer um levantamento para saber de que os pais desse menino viviam e disse que n\u00e3o justificava o que os pais ganhavam com o patrim\u00f4nio do menino\u201d, contou.<\/p>\n\n\n\n<p>De acordo com Liv\u00e2nia, o empres\u00e1rio Daniel Gomes chegou a dizer que havia locado uns espa\u00e7os do auditor, mas n\u00e3o disse quanto ou onde eram os im\u00f3veis e se foi pela Cruz Vermelha ou se foi por outra empresa. \u201cMas ele (Daniel) disse que ia fazer o que o auditor pediu\u201d, revelou.<\/p>\n\n\n\n<h2 class=\"wp-block-heading\">TCE-PB<\/h2>\n\n\n\n<p>Nessa segunda (27), o Tribunal de Contas do Estado comunicou o desarquivamento de todos os processos relacionados aos casos investigados pela Opera\u00e7\u00e3o Calv\u00e1rio. Na decis\u00e3o ser\u00e3o revistos, inclusive, as delibera\u00e7\u00f5es tomadas anteriormente nos processos que envolvem as Organiza\u00e7\u00f5es Sociais.<\/p>\n\n\n\n<p><em>Com Andr\u00e9 Gomes, do Jornal Correio<\/em><\/p>\n","protected":false},"excerpt":{"rendered":"<p>Em um novo trecho de \u00e1udio vazado, a ex-secret\u00e1ria de Estado da Administra\u00e7\u00e3o, Liv\u00e2nia Farias, revelou que o empres\u00e1rio da Cruz Vermelha Brasileira, Daniel Gomes,&hellip; <\/p>\n","protected":false},"author":1,"featured_media":147372,"comment_status":"closed","ping_status":"closed","sticky":false,"template":"","format":"standard","meta":{"sfsi_plus_gutenberg_text_before_share":"","sfsi_plus_gutenberg_show_text_before_share":"","sfsi_plus_gutenberg_icon_type":"","sfsi_plus_gutenberg_icon_alignemt":"","sfsi_plus_gutenburg_max_per_row":"","footnotes":""},"categories":[11],"tags":[],"class_list":["post-149716","post","type-post","status-publish","format-standard","has-post-thumbnail","hentry","category-politica"],"_links":{"self":[{"href":"https:\/\/www.caririemacao.com\/1\/wp-json\/wp\/v2\/posts\/149716","targetHints":{"allow":["GET"]}}],"collection":[{"href":"https:\/\/www.caririemacao.com\/1\/wp-json\/wp\/v2\/posts"}],"about":[{"href":"https:\/\/www.caririemacao.com\/1\/wp-json\/wp\/v2\/types\/post"}],"author":[{"embeddable":true,"href":"https:\/\/www.caririemacao.com\/1\/wp-json\/wp\/v2\/users\/1"}],"replies":[{"embeddable":true,"href":"https:\/\/www.caririemacao.com\/1\/wp-json\/wp\/v2\/comments?post=149716"}],"version-history":[{"count":1,"href":"https:\/\/www.caririemacao.com\/1\/wp-json\/wp\/v2\/posts\/149716\/revisions"}],"predecessor-version":[{"id":149717,"href":"https:\/\/www.caririemacao.com\/1\/wp-json\/wp\/v2\/posts\/149716\/revisions\/149717"}],"wp:featuredmedia":[{"embeddable":true,"href":"https:\/\/www.caririemacao.com\/1\/wp-json\/wp\/v2\/media\/147372"}],"wp:attachment":[{"href":"https:\/\/www.caririemacao.com\/1\/wp-json\/wp\/v2\/media?parent=149716"}],"wp:term":[{"taxonomy":"category","embeddable":true,"href":"https:\/\/www.caririemacao.com\/1\/wp-json\/wp\/v2\/categories?post=149716"},{"taxonomy":"post_tag","embeddable":true,"href":"https:\/\/www.caririemacao.com\/1\/wp-json\/wp\/v2\/tags?post=149716"}],"curies":[{"name":"wp","href":"https:\/\/api.w.org\/{rel}","templated":true}]}}