{"id":149738,"date":"2020-01-28T13:33:38","date_gmt":"2020-01-28T16:33:38","guid":{"rendered":"http:\/\/www.caririemacao.com\/1\/?p=149738"},"modified":"2020-01-28T13:33:40","modified_gmt":"2020-01-28T16:33:40","slug":"urgente-ministro-confirma-primeiro-caso-suspeito-de-coronavirus-no-brasil","status":"publish","type":"post","link":"https:\/\/www.caririemacao.com\/1\/2020\/01\/28\/urgente-ministro-confirma-primeiro-caso-suspeito-de-coronavirus-no-brasil\/","title":{"rendered":"Urgente: Ministro confirma primeiro caso suspeito de coronav\u00edrus no Brasil"},"content":{"rendered":"\n<p>O Minist\u00e9rio da Sa\u00fade confirmou hoje (28) o primeiro caso suspeito de coronav\u00edrus no pa\u00eds e elevou o n\u00edvel de aten\u00e7\u00e3o para Alerta de Perigo Iminente para a presen\u00e7a do v\u00edrus no pa\u00eds. De acordo com o ministro da Sa\u00fade, Luiz Henrique Mandetta, uma estudante de 22 anos que esteve na China est\u00e1 internada, em Belo Horizonte, em observa\u00e7\u00e3o.&nbsp;<\/p>\n\n\n\n<p>&#8220;O que muda \u00e9 o grau de vigil\u00e2ncia nessa fase. Aumenta a nossa vigil\u00e2ncia de portos e aeroportos, triagem de pacientes, o uso de determinado equipamentos de prote\u00e7\u00e3o, mas o nosso foco principal nessa fase \u00e9 a vigil\u00e2ncia\u201d, disse Mandetta, em entrevista coletiva para falar sobre as medidas tomadas pelo governo para evitar a entrada do v\u00edrus no pa\u00eds.<\/p>\n\n\n\n<p>\u201cNessa fase a gente tem um olhar com muito mais aten\u00e7\u00e3o para dentro do pa\u00eds, para identificar se o v\u00edrus est\u00e1 circulando em territ\u00f3rio nacional, e outro [olhar] muito presente em informa\u00e7\u00f5es t\u00e9cnicas e cient\u00edficas a respeito do comportamento do v\u00edrus\u201d, disse Mandetta..<\/p>\n\n\n\n<h2 class=\"wp-block-heading\">Suspeita de coronav\u00edrus<\/h2>\n\n\n\n<p>A estudante brasileira viajou para a cidade de Wuhan no per\u00edodo de 29 de agosto de 2019 a 24 de janeiro deste ano. Ela est\u00e1 em observa\u00e7\u00e3o e, de acordo com o ministro, o estado dela \u00e9 est\u00e1vel. Caso a infec\u00e7\u00e3o por coronav\u00edrus seja confirmada, o n\u00edvel de alerta no pa\u00eds sobe para de Emerg\u00eancia de Sa\u00fade P\u00fablica Nacional, quando h\u00e1 a possibilidade de o v\u00edrus j\u00e1 estar em circula\u00e7\u00e3o no pa\u00eds.<\/p>\n\n\n\n<p>\u201cEla est\u00e1 em isolamento e os 14 contatos mais pr\u00f3ximos est\u00e3o sendo acompanhados. O nome, por motivos \u00f3bvios n\u00e3o deve ser divulgado, por respeito a pessoa, seus familiares e sua privacidade,\u201d disse o ministro.<\/p>\n\n\n\n<h2 class=\"wp-block-heading\">Investiga\u00e7\u00e3o<\/h2>\n\n\n\n<p>De acordo com dados apresentados na coletiva do comit\u00ea de opera\u00e7\u00f5es de emerg\u00eancia do Minist\u00e9rio da Sa\u00fade, no per\u00edodo de 3 a 27 de janeiro foram analisados 7.063 rumores de pessoas com coronav\u00edrus, dos quais 127 rumores exigiram a verifica\u00e7\u00e3o mais detalhada. Dessa verifica\u00e7\u00e3o, 10 casos se enquadraram inicialmente na defini\u00e7\u00e3o de caso suspeito. Desses, nove foram descartados e o \u00fanico caso tratado como suspeito \u00e9 o da paciente internada em Belo Horizonte.<\/p>\n\n\n\n<p>O ministro informou ainda que, ap\u00f3s a Organiza\u00e7\u00e3o Mundial de Sa\u00fade (OMS) ter aumentado o n\u00edvel de alerta em rela\u00e7\u00e3o ao cen\u00e1rio global do novo coronav\u00edrus para Alto, o governo vai passar a tratar como casos suspeitos os das pessoas que estiveram em toda a China, n\u00e3o apenas na prov\u00edncia de Wuhan, nos \u00faltimos 14 dias e que apresentarem sintomas respirat\u00f3rios suspeitos.<\/p>\n\n\n\n<p><\/p>\n\n\n\n<p>EBC<\/p>\n","protected":false},"excerpt":{"rendered":"<p>O Minist\u00e9rio da Sa\u00fade confirmou hoje (28) o primeiro caso suspeito de coronav\u00edrus no pa\u00eds e elevou o n\u00edvel de aten\u00e7\u00e3o para Alerta de Perigo&hellip; <\/p>\n","protected":false},"author":1,"featured_media":149743,"comment_status":"closed","ping_status":"closed","sticky":false,"template":"","format":"standard","meta":{"sfsi_plus_gutenberg_text_before_share":"","sfsi_plus_gutenberg_show_text_before_share":"","sfsi_plus_gutenberg_icon_type":"","sfsi_plus_gutenberg_icon_alignemt":"","sfsi_plus_gutenburg_max_per_row":"","footnotes":""},"categories":[50,16],"tags":[],"class_list":["post-149738","post","type-post","status-publish","format-standard","has-post-thumbnail","hentry","category-destaque","category-saude"],"_links":{"self":[{"href":"https:\/\/www.caririemacao.com\/1\/wp-json\/wp\/v2\/posts\/149738","targetHints":{"allow":["GET"]}}],"collection":[{"href":"https:\/\/www.caririemacao.com\/1\/wp-json\/wp\/v2\/posts"}],"about":[{"href":"https:\/\/www.caririemacao.com\/1\/wp-json\/wp\/v2\/types\/post"}],"author":[{"embeddable":true,"href":"https:\/\/www.caririemacao.com\/1\/wp-json\/wp\/v2\/users\/1"}],"replies":[{"embeddable":true,"href":"https:\/\/www.caririemacao.com\/1\/wp-json\/wp\/v2\/comments?post=149738"}],"version-history":[{"count":1,"href":"https:\/\/www.caririemacao.com\/1\/wp-json\/wp\/v2\/posts\/149738\/revisions"}],"predecessor-version":[{"id":149744,"href":"https:\/\/www.caririemacao.com\/1\/wp-json\/wp\/v2\/posts\/149738\/revisions\/149744"}],"wp:featuredmedia":[{"embeddable":true,"href":"https:\/\/www.caririemacao.com\/1\/wp-json\/wp\/v2\/media\/149743"}],"wp:attachment":[{"href":"https:\/\/www.caririemacao.com\/1\/wp-json\/wp\/v2\/media?parent=149738"}],"wp:term":[{"taxonomy":"category","embeddable":true,"href":"https:\/\/www.caririemacao.com\/1\/wp-json\/wp\/v2\/categories?post=149738"},{"taxonomy":"post_tag","embeddable":true,"href":"https:\/\/www.caririemacao.com\/1\/wp-json\/wp\/v2\/tags?post=149738"}],"curies":[{"name":"wp","href":"https:\/\/api.w.org\/{rel}","templated":true}]}}