{"id":149746,"date":"2020-01-28T13:38:54","date_gmt":"2020-01-28T16:38:54","guid":{"rendered":"http:\/\/www.caririemacao.com\/1\/?p=149746"},"modified":"2020-01-28T13:38:55","modified_gmt":"2020-01-28T16:38:55","slug":"justica-eleitoral-da-paraiba-convoca-eleitores-que-tiveram-problemas-na-biometria","status":"publish","type":"post","link":"https:\/\/www.caririemacao.com\/1\/2020\/01\/28\/justica-eleitoral-da-paraiba-convoca-eleitores-que-tiveram-problemas-na-biometria\/","title":{"rendered":"Justi\u00e7a Eleitoral da Para\u00edba convoca eleitores que tiveram problemas na biometria"},"content":{"rendered":"\n<p><br>OTribunal Regional Eleitoral da Para\u00edba (TRE-PB) est\u00e1 convocando os eleitores que tiveram problemas no processo de verifica\u00e7\u00e3o das digitais quando da realiza\u00e7\u00e3o da biometria. A coleta dos novos dados come\u00e7a a partir do dia 10 de fevereiro e vai at\u00e9 6 de maio quando ocorre o fechamento do cadastro eleitoral.<\/p>\n\n\n\n<p>Conforme a coordenadora da Corregedoria do TRE-PB, Vanessa do Egypto, todas as pessoas com menos de 60 anos, que tiveram esse problema na hora de computar o voto nas elei\u00e7\u00f5es de 2018, devem comparecer \u00e0s suas zonas eleitorais do interior do Estado ou ao f\u00f3rum eleitoral para os que moram em Jo\u00e3o Pessoa para refazer o processo da coleta digital.<\/p>\n\n\n\n<figure class=\"wp-block-image\"><img decoding=\"async\" data-src=\"https:\/\/paraibaonline.com.br\/wp-content\/uploads\/2020\/01\/vanessa2801.jpg\" alt=\"Foto: Paraibaonline\" class=\"wp-image-833400 lazyload\" src=\"data:image\/svg+xml;base64,PHN2ZyB3aWR0aD0iMSIgaGVpZ2h0PSIxIiB4bWxucz0iaHR0cDovL3d3dy53My5vcmcvMjAwMC9zdmciPjwvc3ZnPg==\" \/><\/figure>\n\n\n\n<p>Foto: Paraibaonline<\/p>\n\n\n\n<p>\u201cN\u00f3s solicitamos que, antes, o eleitor verifique no site do TRE, porque vai ficar dispon\u00edvel uma consulta para que se certifique se a sua digital foi satisfat\u00f3ria ou n\u00e3o. Para tanto, \u00e9 s\u00f3 digitar o n\u00famero do CPF ou do t\u00edtulo eleitoral e, caso n\u00e3o os tenha em m\u00e3os, a pesquisa pode ser feita atrav\u00e9s do nome do eleitor, da m\u00e3e e da data de nascimento\u201d, explicou.<\/p>\n\n\n\n<p>O eleitor poder\u00e1 fazer a consulta pelo site da Justi\u00e7a Eleitoral por meio do endere\u00e7o eletr\u00f4nico&nbsp;<a href=\"http:\/\/www.tre-pb.jus.br\/\" target=\"_blank\" rel=\"noreferrer noopener\">www.tre-pb.jus.br<\/a>. A consulta s\u00f3 estar\u00e1 dispon\u00edvel a partir do dia 10 de fevereiro.<\/p>\n\n\n\n<p>A coordenadora avisa ainda que os eleitores acima de 60 anos n\u00e3o precisam comparecer porque o problema j\u00e1 \u00e9 da pr\u00f3pria digital do eleitor mais idoso.<\/p>\n","protected":false},"excerpt":{"rendered":"<p>OTribunal Regional Eleitoral da Para\u00edba (TRE-PB) est\u00e1 convocando os eleitores que tiveram problemas no processo de verifica\u00e7\u00e3o das digitais quando da realiza\u00e7\u00e3o da biometria. A&hellip; <\/p>\n","protected":false},"author":1,"featured_media":147426,"comment_status":"closed","ping_status":"closed","sticky":false,"template":"","format":"standard","meta":{"sfsi_plus_gutenberg_text_before_share":"","sfsi_plus_gutenberg_show_text_before_share":"","sfsi_plus_gutenberg_icon_type":"","sfsi_plus_gutenberg_icon_alignemt":"","sfsi_plus_gutenburg_max_per_row":"","footnotes":""},"categories":[11],"tags":[],"class_list":["post-149746","post","type-post","status-publish","format-standard","has-post-thumbnail","hentry","category-politica"],"_links":{"self":[{"href":"https:\/\/www.caririemacao.com\/1\/wp-json\/wp\/v2\/posts\/149746","targetHints":{"allow":["GET"]}}],"collection":[{"href":"https:\/\/www.caririemacao.com\/1\/wp-json\/wp\/v2\/posts"}],"about":[{"href":"https:\/\/www.caririemacao.com\/1\/wp-json\/wp\/v2\/types\/post"}],"author":[{"embeddable":true,"href":"https:\/\/www.caririemacao.com\/1\/wp-json\/wp\/v2\/users\/1"}],"replies":[{"embeddable":true,"href":"https:\/\/www.caririemacao.com\/1\/wp-json\/wp\/v2\/comments?post=149746"}],"version-history":[{"count":1,"href":"https:\/\/www.caririemacao.com\/1\/wp-json\/wp\/v2\/posts\/149746\/revisions"}],"predecessor-version":[{"id":149747,"href":"https:\/\/www.caririemacao.com\/1\/wp-json\/wp\/v2\/posts\/149746\/revisions\/149747"}],"wp:featuredmedia":[{"embeddable":true,"href":"https:\/\/www.caririemacao.com\/1\/wp-json\/wp\/v2\/media\/147426"}],"wp:attachment":[{"href":"https:\/\/www.caririemacao.com\/1\/wp-json\/wp\/v2\/media?parent=149746"}],"wp:term":[{"taxonomy":"category","embeddable":true,"href":"https:\/\/www.caririemacao.com\/1\/wp-json\/wp\/v2\/categories?post=149746"},{"taxonomy":"post_tag","embeddable":true,"href":"https:\/\/www.caririemacao.com\/1\/wp-json\/wp\/v2\/tags?post=149746"}],"curies":[{"name":"wp","href":"https:\/\/api.w.org\/{rel}","templated":true}]}}