{"id":149750,"date":"2020-01-28T13:41:34","date_gmt":"2020-01-28T16:41:34","guid":{"rendered":"http:\/\/www.caririemacao.com\/1\/?p=149750"},"modified":"2020-01-28T13:41:36","modified_gmt":"2020-01-28T16:41:36","slug":"bolsonaro-diz-que-situacao-do-enem-e-complicada-e-fala-em-sabotagem","status":"publish","type":"post","link":"https:\/\/www.caririemacao.com\/1\/2020\/01\/28\/bolsonaro-diz-que-situacao-do-enem-e-complicada-e-fala-em-sabotagem\/","title":{"rendered":"Bolsonaro diz que situa\u00e7\u00e3o do Enem \u00e9 &#8216;complicada&#8217; e fala em sabotagem"},"content":{"rendered":"\n<p>O presidente Jair Bolsonaro (sem partido) reconheceu nesta ter\u00e7a-feira (28) que a situa\u00e7\u00e3o do Enem est\u00e1 &#8220;complicada&#8221; e cogitou a possibilidade de que os erros no exame tenham sido provocados por uma sabotagem, mesmo sem apontar qualquer evid\u00eancia.<\/p>\n\n\n\n<p>&#8220;Est\u00e1 complicado, eu tenho conversado com ele [ministro do MEC, Abraham Weintraub] para ver o que est\u00e1 acontecendo. Se realmente foi uma falha nossa, se tem uma falha humana, sabotagem, seja l\u00e1 o que for, temos que chegar no final de linha e apurar isso ai. N\u00e3o pode acontecer isso. E n\u00f3s sabemos que tudo est\u00e1 na mesa. Eu n\u00e3o quero me precipitar e dizer o que deve ter acontecido com Enem&#8221;, disse ao chegar ao Pal\u00e1cio da Alvorada.&nbsp;<\/p>\n\n\n\n<p>Esta foi a primeira vez que Bolsonaro falou sobre os problemas do Enem.&nbsp;<\/p>\n\n\n\n<p>Na semana passada, o ministro da Educa\u00e7\u00e3o, Abraham Weintraub, informou que notas do Enem foram divulgadas com erros. O motivo, segundo ele, foi uma falha na gr\u00e1fica que passou a imprimir a prova no ano passado.<\/p>\n\n\n\n<p>O Inep (Instituto Nacional de Estudos e Pesquisas Educacionais) liberou na sexta-feira (17) os resultados individuais da \u00faltima edi\u00e7\u00e3o do exame. \u00c0 noite, participantes come\u00e7aram a relatar nas redes sociais estranhamento com as notas.<\/p>\n\n\n\n<p>Em decorr\u00eancia desses problemas e de uma decis\u00e3o judicial suspendendo a divulga\u00e7\u00e3o dos resultados do Sisu (Sistema de Sele\u00e7\u00e3o Unificada), o MEC informou na segunda-feira (27) que vai suspender por tempo indeterminado a abertura das inscri\u00e7\u00f5es do Prouni, programa que oferta bolsas a estudantes em institui\u00e7\u00f5es privadas do ensino superior.<\/p>\n\n\n\n<p>A educa\u00e7\u00e3o \u00e9 um tema caro ao seu governo j\u00e1 que ele fazia uma s\u00e9rie de cr\u00edticas a edi\u00e7\u00f5es anteriores do exame. Bolsonaro inicialmente havia comemorado a primeira edi\u00e7\u00e3o da prova antes que os erros nas notas fossem descobertos.&nbsp;<\/p>\n\n\n\n<p>O presidente desembarcou em Bras\u00edlia na manh\u00e3 desta ter\u00e7a depois de uma viagem de quatro dias \u00e0 \u00cdndia, onde participou como convidado do Dia da Rep\u00fablica.&nbsp;<\/p>\n\n\n\n<p>Depois de mencionar espontaneamente a possibilidade de que tenha havido uma sabotagem, o presidente foi questionado por jornalistas se h\u00e1 uma linha de apura\u00e7\u00e3o nesse sentido.&nbsp;<\/p>\n\n\n\n<p>&#8220;Eu acho que todas as cartas est\u00e3o na mesa. N\u00e3o quer dizer que \u00e9 isso, que vai [vou] querer se eximir talvez de uma responsabilidade que seja nossa. N\u00e3o sou dessa linha, n\u00e3o. Eu quero \u00e9 realmente apurar e chegar no final da linha para falar com propriedade. Se for nossa, assume. Se for do outro, comprova-se o que que houve&#8221;, respondeu.&nbsp;<\/p>\n\n\n\n<p>Ele disse n\u00e3o saber quais s\u00e3o as linhas de apura\u00e7\u00e3o das falhas do Enem porque estava &#8220;totalmente&#8221; dedicado \u00e0 viagem \u00e0 \u00cdndia nos \u00faltimos dias.&nbsp;<\/p>\n\n\n\n<p>O presidente foi ainda questionado sobre a situa\u00e7\u00e3o de Weintraub. &#8220;Por enquanto continua [no Minist\u00e9rio da Educa\u00e7\u00e3o]. Sempre eu falo por enquanto para todo mundo.&nbsp;O \u00fanico que n\u00e3o \u00e9 por enquanto \u00e9 o [vice-presidente] Mour\u00e3o, o resto \u00e9 tudo por enquanto&#8221;, disse.<\/p>\n","protected":false},"excerpt":{"rendered":"<p>O presidente Jair Bolsonaro (sem partido) reconheceu nesta ter\u00e7a-feira (28) que a situa\u00e7\u00e3o do Enem est\u00e1 &#8220;complicada&#8221; e cogitou a possibilidade de que os erros&hellip; <\/p>\n","protected":false},"author":1,"featured_media":147431,"comment_status":"closed","ping_status":"closed","sticky":false,"template":"","format":"standard","meta":{"sfsi_plus_gutenberg_text_before_share":"","sfsi_plus_gutenberg_show_text_before_share":"","sfsi_plus_gutenberg_icon_type":"","sfsi_plus_gutenberg_icon_alignemt":"","sfsi_plus_gutenburg_max_per_row":"","footnotes":""},"categories":[11],"tags":[],"class_list":["post-149750","post","type-post","status-publish","format-standard","has-post-thumbnail","hentry","category-politica"],"_links":{"self":[{"href":"https:\/\/www.caririemacao.com\/1\/wp-json\/wp\/v2\/posts\/149750","targetHints":{"allow":["GET"]}}],"collection":[{"href":"https:\/\/www.caririemacao.com\/1\/wp-json\/wp\/v2\/posts"}],"about":[{"href":"https:\/\/www.caririemacao.com\/1\/wp-json\/wp\/v2\/types\/post"}],"author":[{"embeddable":true,"href":"https:\/\/www.caririemacao.com\/1\/wp-json\/wp\/v2\/users\/1"}],"replies":[{"embeddable":true,"href":"https:\/\/www.caririemacao.com\/1\/wp-json\/wp\/v2\/comments?post=149750"}],"version-history":[{"count":1,"href":"https:\/\/www.caririemacao.com\/1\/wp-json\/wp\/v2\/posts\/149750\/revisions"}],"predecessor-version":[{"id":149754,"href":"https:\/\/www.caririemacao.com\/1\/wp-json\/wp\/v2\/posts\/149750\/revisions\/149754"}],"wp:featuredmedia":[{"embeddable":true,"href":"https:\/\/www.caririemacao.com\/1\/wp-json\/wp\/v2\/media\/147431"}],"wp:attachment":[{"href":"https:\/\/www.caririemacao.com\/1\/wp-json\/wp\/v2\/media?parent=149750"}],"wp:term":[{"taxonomy":"category","embeddable":true,"href":"https:\/\/www.caririemacao.com\/1\/wp-json\/wp\/v2\/categories?post=149750"},{"taxonomy":"post_tag","embeddable":true,"href":"https:\/\/www.caririemacao.com\/1\/wp-json\/wp\/v2\/tags?post=149750"}],"curies":[{"name":"wp","href":"https:\/\/api.w.org\/{rel}","templated":true}]}}