{"id":149764,"date":"2020-01-28T13:46:06","date_gmt":"2020-01-28T16:46:06","guid":{"rendered":"http:\/\/www.caririemacao.com\/1\/?p=149764"},"modified":"2020-01-28T13:46:08","modified_gmt":"2020-01-28T16:46:08","slug":"confianca-do-empresario-da-construcao-atinge-maior-nivel-desde-2014","status":"publish","type":"post","link":"https:\/\/www.caririemacao.com\/1\/2020\/01\/28\/confianca-do-empresario-da-construcao-atinge-maior-nivel-desde-2014\/","title":{"rendered":"Confian\u00e7a do empres\u00e1rio da constru\u00e7\u00e3o atinge maior n\u00edvel desde 2014"},"content":{"rendered":"\n<p>O \u00cdndice de Confian\u00e7a da Constru\u00e7\u00e3o, medido pela Funda\u00e7\u00e3o Getulio Vargas (FGV), cresceu 2,1 pontos na passagem de dezembro de 2019 para janeiro deste ano. Essa foi a oitava alta consecutiva do indicador, que chegou a 94,2 pontos, maior patamar desde maio de 2014 (94,6 pontos).<\/p>\n\n\n\n<p>O \u00cdndice de Situa\u00e7\u00e3o Atual, que mede a confian\u00e7a dos empres\u00e1rios da constru\u00e7\u00e3o no momento presente, avan\u00e7ou 1,7 ponto e chegou a 84,3 pontos. A maior contribui\u00e7\u00e3o para esse resultado veio do componente \u201ccarteira de contratos\u201d.<\/p>\n\n\n\n<p>O \u00cdndice de Expectativas, que mede a confian\u00e7a do empresariado do setor em rela\u00e7\u00e3o aos pr\u00f3ximos meses, cresceu 2,4 pontos e alcan\u00e7ou 104,2 pontos, o maior valor desde setembro de 2012 (104,5 pontos). Dos quesitos que comp\u00f5em esse \u00edndice, a principal alta veio da demanda prevista para os pr\u00f3ximos tr\u00eas meses.<\/p>\n\n\n\n<p>Segundo a pesquisadora da FGV Ana Maria Castelo, o resultado de janeiro \u00e9 um sinal do que deve ser a din\u00e2mica predominante em 2020: um aumento do protagonismo da \u00e1rea de edifica\u00e7\u00f5es, puxado pela melhora do mercado imobili\u00e1rio residencial em 2019.<\/p>\n\n\n\n<p>Para ela, no entanto, ainda h\u00e1 um longo percurso para recuperar o patamar de atividade anterior \u00e0 crise. A demanda, de acordo com a pesquisadora, \u00e9 o principal limitador do setor.<\/p>\n\n\n\n<p>O N\u00edvel de Utiliza\u00e7\u00e3o da Capacidade caiu 1 ponto percentual, para 70,9%.<\/p>\n","protected":false},"excerpt":{"rendered":"<p>O \u00cdndice de Confian\u00e7a da Constru\u00e7\u00e3o, medido pela Funda\u00e7\u00e3o Getulio Vargas (FGV), cresceu 2,1 pontos na passagem de dezembro de 2019 para janeiro deste ano.&hellip; <\/p>\n","protected":false},"author":1,"featured_media":89253,"comment_status":"closed","ping_status":"closed","sticky":false,"template":"","format":"standard","meta":{"sfsi_plus_gutenberg_text_before_share":"","sfsi_plus_gutenberg_show_text_before_share":"","sfsi_plus_gutenberg_icon_type":"","sfsi_plus_gutenberg_icon_alignemt":"","sfsi_plus_gutenburg_max_per_row":"","footnotes":""},"categories":[2],"tags":[],"class_list":["post-149764","post","type-post","status-publish","format-standard","has-post-thumbnail","hentry","category-geral"],"_links":{"self":[{"href":"https:\/\/www.caririemacao.com\/1\/wp-json\/wp\/v2\/posts\/149764","targetHints":{"allow":["GET"]}}],"collection":[{"href":"https:\/\/www.caririemacao.com\/1\/wp-json\/wp\/v2\/posts"}],"about":[{"href":"https:\/\/www.caririemacao.com\/1\/wp-json\/wp\/v2\/types\/post"}],"author":[{"embeddable":true,"href":"https:\/\/www.caririemacao.com\/1\/wp-json\/wp\/v2\/users\/1"}],"replies":[{"embeddable":true,"href":"https:\/\/www.caririemacao.com\/1\/wp-json\/wp\/v2\/comments?post=149764"}],"version-history":[{"count":1,"href":"https:\/\/www.caririemacao.com\/1\/wp-json\/wp\/v2\/posts\/149764\/revisions"}],"predecessor-version":[{"id":149765,"href":"https:\/\/www.caririemacao.com\/1\/wp-json\/wp\/v2\/posts\/149764\/revisions\/149765"}],"wp:featuredmedia":[{"embeddable":true,"href":"https:\/\/www.caririemacao.com\/1\/wp-json\/wp\/v2\/media\/89253"}],"wp:attachment":[{"href":"https:\/\/www.caririemacao.com\/1\/wp-json\/wp\/v2\/media?parent=149764"}],"wp:term":[{"taxonomy":"category","embeddable":true,"href":"https:\/\/www.caririemacao.com\/1\/wp-json\/wp\/v2\/categories?post=149764"},{"taxonomy":"post_tag","embeddable":true,"href":"https:\/\/www.caririemacao.com\/1\/wp-json\/wp\/v2\/tags?post=149764"}],"curies":[{"name":"wp","href":"https:\/\/api.w.org\/{rel}","templated":true}]}}