{"id":149775,"date":"2020-01-28T16:23:56","date_gmt":"2020-01-28T19:23:56","guid":{"rendered":"http:\/\/www.caririemacao.com\/1\/?p=149775"},"modified":"2020-01-28T16:23:58","modified_gmt":"2020-01-28T19:23:58","slug":"ronaldo-fraga-diz-que-aguarda-com-expectativa-desfile-de-pecas-em-renda-do-cariri","status":"publish","type":"post","link":"https:\/\/www.caririemacao.com\/1\/2020\/01\/28\/ronaldo-fraga-diz-que-aguarda-com-expectativa-desfile-de-pecas-em-renda-do-cariri\/","title":{"rendered":"Ronaldo Fraga diz que aguarda com expectativa desfile de pe\u00e7as em renda do Cariri"},"content":{"rendered":"\n<p>O estilista Ronaldo Fraga j\u00e1 est\u00e1 em Jo\u00e3o Pessoa e, nessa segunda-feira (27), ao lado da primeira-dama do Estado, Ana Maria Lins, falou da sua expectativa e elogiou a iniciativa do Governo do Estado em realizar o desfile da cole\u00e7\u00e3o #SomosTODOSPara\u00edba, trazendo pe\u00e7as da renda renascen\u00e7a do Cariri paraibano. O evento ser\u00e1 realizado nesta quarta-feira (29) no Espa\u00e7o Cultural Jos\u00e9 Lins do Rego, em Jo\u00e3o Pessoa, dentro da programa\u00e7\u00e3o do 31\u00b0 Sal\u00e3o do Artesanato da Para\u00edba.<\/p>\n\n\n\n<p>Para Ronaldo Fraga, a a\u00e7\u00e3o do Governo do Estado na valoriza\u00e7\u00e3o da renda renascen\u00e7a vai muito al\u00e9m da gera\u00e7\u00e3o de emprego e renda. \u201cSe voc\u00ea me perguntar o que eu imagino o que as pessoas v\u00e3o sentir no desfile, eu espero que elas sintam seja a entrega das meninas, o projeto que nenhum governo est\u00e1 fazendo hoje no Brasil, muito pelo contr\u00e1rio. Ent\u00e3o, o Governo merece aplausos nessa dire\u00e7\u00e3o, porque isso \u00e9 muito mais que valorizar o artesanato, muito mais que gerar emprego e renda. \u00c9 reafirma\u00e7\u00e3o cultural\u201d, ressaltou.<\/p>\n\n\n\n<p>Ana Maria Lins, que tamb\u00e9m \u00e9 presidente de Honra do Programa do Artesanato da Para\u00edba (PAP), destacou os investimentos do Governo do Estado no segmento. \u201cEsse desfile vem concretizar uma grande a\u00e7\u00e3o do Governo do Estado na valoriza\u00e7\u00e3o da renda renascen\u00e7a, reivindica\u00e7\u00e3o das rendeiras, essas guerreiras que n\u00e3o deixam essa arte t\u00e3o importante morrer\u201d, afirmou.<\/p>\n\n\n\n<p>Ao todo, 25 modelos paraibanas v\u00e3o desfilar no Espa\u00e7o Cultural Jos\u00e9 Lins do Rego, em Jo\u00e3o Pessoa. S\u00e3o 40 looks confeccionados por 35 rendeiras, todos inspirados na obra do artista pl\u00e1stico Fl\u00e1vio Tavares. A cole\u00e7\u00e3o \u00e9 o resultado de oficinas ministradas por Ronaldo Fraga com rendeiras do Cariri no ano passado.<\/p>\n\n\n\n<p>Durante o Programa \u201cFala, Governador\u201d, transmitido nesta segunda-feira em rede estadual de r\u00e1dio, o governador Jo\u00e3o Azev\u00eado tamb\u00e9m falou da expectativa para o desfile. \u201cVamos ter na quarta-feira eu diria que o ponto \u00e1ureo do Sal\u00e3o, que vai at\u00e9 o dia 2 de fevereiro, onde as pessoas v\u00e3o visitar um espa\u00e7o (dedicado ao metal), que tem como tema \u2018Metal que vira arte\u2019\u201d, disse, destacando a visibilidade que a arte renascen\u00e7a e o artesanato paraibano ter\u00e3o com o desfile, que ter\u00e1 cobertura da m\u00eddia nacional.<\/p>\n\n\n\n<p>Ensaio \u2013 Ap\u00f3s visitar o Sal\u00e3o do Artesanato da Para\u00edba com o estilista Ronaldo Fraga, a primeira-dama Ana Maria Lins foi at\u00e9 o bairro dos Banc\u00e1rios, tamb\u00e9m em Jo\u00e3o Pessoa, acompanhar um ensaio da cantora Sandra Bel\u00ea, respons\u00e1vel pela trilha sonora do desfile.<\/p>\n\n\n\n<p>Ao lado do estilista Ronaldo Fraga, que discutiu com Sandra Bel\u00ea detalhes da apresenta\u00e7\u00e3o dela, Ana Maria Lins ouviu cl\u00e1ssicos da m\u00fasica regional que ser\u00e3o executados durante o desfile da cole\u00e7\u00e3o #SomosTODOSPara\u00edba.<\/p>\n\n\n\n<p>Por sua vez, Sandra Bel\u00ea destacou a felicidade pelo convite do Governo do Estado. \u201cMe sinto muito honrada por estar fazendo parte dessa festa, principalmente eu, que sou caririzeira, filha de rendeira\u201d, disse. \u201cO desfile, que aborda o Cariri, j\u00e1 me representa, sobretudo compartilhando esse momento com algu\u00e9m como Ronaldo Fraga, que admiro demais\u201d, prosseguiu.<\/p>\n\n\n\n<p>O desfile da cole\u00e7\u00e3o #SomosTODOSPara\u00edba ser\u00e1 \u00e0s 19h, na quarta-feira (29), no Espa\u00e7o Cultural Jos\u00e9 Lins do Rego. A entrada ser\u00e1 mediante um quilo de alimento n\u00e3o perec\u00edvel.<\/p>\n\n\n\n<p>Estiveram presentes ainda a gestora do PAP, Marielza Rodriguez, e a presidente da Empresa Paraibana de Comunica\u00e7\u00e3o (EPC), Nan\u00e1 Garcez.<br><\/p>\n","protected":false},"excerpt":{"rendered":"<p>O estilista Ronaldo Fraga j\u00e1 est\u00e1 em Jo\u00e3o Pessoa e, nessa segunda-feira (27), ao lado da primeira-dama do Estado, Ana Maria Lins, falou da sua&hellip; <\/p>\n","protected":false},"author":1,"featured_media":149778,"comment_status":"closed","ping_status":"closed","sticky":false,"template":"","format":"standard","meta":{"sfsi_plus_gutenberg_text_before_share":"","sfsi_plus_gutenberg_show_text_before_share":"","sfsi_plus_gutenberg_icon_type":"","sfsi_plus_gutenberg_icon_alignemt":"","sfsi_plus_gutenburg_max_per_row":"","footnotes":""},"categories":[2],"tags":[],"class_list":["post-149775","post","type-post","status-publish","format-standard","has-post-thumbnail","hentry","category-geral"],"_links":{"self":[{"href":"https:\/\/www.caririemacao.com\/1\/wp-json\/wp\/v2\/posts\/149775","targetHints":{"allow":["GET"]}}],"collection":[{"href":"https:\/\/www.caririemacao.com\/1\/wp-json\/wp\/v2\/posts"}],"about":[{"href":"https:\/\/www.caririemacao.com\/1\/wp-json\/wp\/v2\/types\/post"}],"author":[{"embeddable":true,"href":"https:\/\/www.caririemacao.com\/1\/wp-json\/wp\/v2\/users\/1"}],"replies":[{"embeddable":true,"href":"https:\/\/www.caririemacao.com\/1\/wp-json\/wp\/v2\/comments?post=149775"}],"version-history":[{"count":1,"href":"https:\/\/www.caririemacao.com\/1\/wp-json\/wp\/v2\/posts\/149775\/revisions"}],"predecessor-version":[{"id":149779,"href":"https:\/\/www.caririemacao.com\/1\/wp-json\/wp\/v2\/posts\/149775\/revisions\/149779"}],"wp:featuredmedia":[{"embeddable":true,"href":"https:\/\/www.caririemacao.com\/1\/wp-json\/wp\/v2\/media\/149778"}],"wp:attachment":[{"href":"https:\/\/www.caririemacao.com\/1\/wp-json\/wp\/v2\/media?parent=149775"}],"wp:term":[{"taxonomy":"category","embeddable":true,"href":"https:\/\/www.caririemacao.com\/1\/wp-json\/wp\/v2\/categories?post=149775"},{"taxonomy":"post_tag","embeddable":true,"href":"https:\/\/www.caririemacao.com\/1\/wp-json\/wp\/v2\/tags?post=149775"}],"curies":[{"name":"wp","href":"https:\/\/api.w.org\/{rel}","templated":true}]}}