{"id":149783,"date":"2020-01-28T16:25:17","date_gmt":"2020-01-28T19:25:17","guid":{"rendered":"http:\/\/www.caririemacao.com\/1\/?p=149783"},"modified":"2020-01-28T16:25:19","modified_gmt":"2020-01-28T19:25:19","slug":"chuvas-caidas-no-cariri-e-demais-regioes-da-pb-elevam-volumes-de-agua-de-acudes-monitorados-pela-aesa","status":"publish","type":"post","link":"https:\/\/www.caririemacao.com\/1\/2020\/01\/28\/chuvas-caidas-no-cariri-e-demais-regioes-da-pb-elevam-volumes-de-agua-de-acudes-monitorados-pela-aesa\/","title":{"rendered":"Chuvas ca\u00eddas no Cariri e demais regi\u00f5es da PB elevam volumes de \u00e1gua de a\u00e7udes monitorados pela AESA"},"content":{"rendered":"\n<p>As chuvas ca\u00eddas nesse in\u00edcio de ano no&nbsp;Sert\u00e3o, Alto Sert\u00e3o, Cariri e Curimata\u00fa paraibano , elevaram o n\u00edvel de \u00e1gua de muitos dos 134 reservat\u00f3rios monitorados pela Ag\u00eancia Executiva de Gest\u00e3o das \u00c1guas da Para\u00edba (Aesa).<\/p>\n\n\n\n<p>Destaque para o reservat\u00f3rio Epit\u00e1cio Pessoa, localizado na cidade de Boqueir\u00e3o, que tinha 70 milh\u00f5es de metros c\u00fabicos e agora est\u00e1 com 85 milh\u00f5es, o que corresponde a pouco mais de 18% de sua capacidade. Em apenas 48 horas, a barragem de S\u00e3o Gon\u00e7alo, em Sousa, recebeu um aporte de 55 mil metros c\u00fabicos; e Coremas, na cidade de mesmo nome, ganhou 181 mil metros c\u00fabicos. J\u00e1 o A\u00e7ude Gurj\u00e3o, saiu do dos 9% de sua capacidade para 50%, enquanto Acau\u00e3, pegou 700 mil metros c\u00fabicos de \u00e1gua, entre outros.<\/p>\n\n\n\n<p>As expectativas de chuvas para essas regi\u00f5es continuam boas. De acordo com o diretor presidente da Aesa, Porf\u00edrio Loureiro, os a\u00e7udes do Sert\u00e3o tamb\u00e9m j\u00e1 come\u00e7am a ter uma recarga satisfat\u00f3ria.<\/p>\n\n\n\n<p>De janeiro a mar\u00e7o de 2020 a tend\u00eancia \u00e9 de que as chuvas ocorram dentro da m\u00e9dia hist\u00f3rica no semi\u00e1rido paraibano. Esta previs\u00e3o foi anunciada no m\u00eas passado, pela Aesa, depois que especialistas em recursos h\u00eddricos da Para\u00edba, Pernambuco e Rio Grande do Norte discutiram as principais caracter\u00edsticas clim\u00e1ticas do setor Norte da regi\u00e3o Nordeste.<\/p>\n\n\n\n<p><em>Com PB Agora<\/em><\/p>\n","protected":false},"excerpt":{"rendered":"<p>As chuvas ca\u00eddas nesse in\u00edcio de ano no&nbsp;Sert\u00e3o, Alto Sert\u00e3o, Cariri e Curimata\u00fa paraibano , elevaram o n\u00edvel de \u00e1gua de muitos dos 134 reservat\u00f3rios&hellip; <\/p>\n","protected":false},"author":1,"featured_media":149788,"comment_status":"closed","ping_status":"closed","sticky":false,"template":"","format":"standard","meta":{"sfsi_plus_gutenberg_text_before_share":"","sfsi_plus_gutenberg_show_text_before_share":"","sfsi_plus_gutenberg_icon_type":"","sfsi_plus_gutenberg_icon_alignemt":"","sfsi_plus_gutenburg_max_per_row":"","footnotes":""},"categories":[2],"tags":[],"class_list":["post-149783","post","type-post","status-publish","format-standard","has-post-thumbnail","hentry","category-geral"],"_links":{"self":[{"href":"https:\/\/www.caririemacao.com\/1\/wp-json\/wp\/v2\/posts\/149783","targetHints":{"allow":["GET"]}}],"collection":[{"href":"https:\/\/www.caririemacao.com\/1\/wp-json\/wp\/v2\/posts"}],"about":[{"href":"https:\/\/www.caririemacao.com\/1\/wp-json\/wp\/v2\/types\/post"}],"author":[{"embeddable":true,"href":"https:\/\/www.caririemacao.com\/1\/wp-json\/wp\/v2\/users\/1"}],"replies":[{"embeddable":true,"href":"https:\/\/www.caririemacao.com\/1\/wp-json\/wp\/v2\/comments?post=149783"}],"version-history":[{"count":1,"href":"https:\/\/www.caririemacao.com\/1\/wp-json\/wp\/v2\/posts\/149783\/revisions"}],"predecessor-version":[{"id":149789,"href":"https:\/\/www.caririemacao.com\/1\/wp-json\/wp\/v2\/posts\/149783\/revisions\/149789"}],"wp:featuredmedia":[{"embeddable":true,"href":"https:\/\/www.caririemacao.com\/1\/wp-json\/wp\/v2\/media\/149788"}],"wp:attachment":[{"href":"https:\/\/www.caririemacao.com\/1\/wp-json\/wp\/v2\/media?parent=149783"}],"wp:term":[{"taxonomy":"category","embeddable":true,"href":"https:\/\/www.caririemacao.com\/1\/wp-json\/wp\/v2\/categories?post=149783"},{"taxonomy":"post_tag","embeddable":true,"href":"https:\/\/www.caririemacao.com\/1\/wp-json\/wp\/v2\/tags?post=149783"}],"curies":[{"name":"wp","href":"https:\/\/api.w.org\/{rel}","templated":true}]}}