{"id":150256,"date":"2020-01-30T08:18:07","date_gmt":"2020-01-30T11:18:07","guid":{"rendered":"http:\/\/www.caririemacao.com\/1\/?p=150256"},"modified":"2020-01-30T08:18:09","modified_gmt":"2020-01-30T11:18:09","slug":"governador-se-reune-com-entidades-representativas-da-seguranca-e-cria-comissao-para-estudar-demandas-das-categorias","status":"publish","type":"post","link":"https:\/\/www.caririemacao.com\/1\/2020\/01\/30\/governador-se-reune-com-entidades-representativas-da-seguranca-e-cria-comissao-para-estudar-demandas-das-categorias\/","title":{"rendered":"Governador se re\u00fane com entidades representativas da Seguran\u00e7a e cria Comiss\u00e3o para estudar demandas das categorias"},"content":{"rendered":"\n<p> Uma Comiss\u00e3o constitu\u00edda entre representantes da \u00e1rea econ\u00f4mica do Governo do Estado e das entidades representativas dos servidores da Seguran\u00e7a P\u00fablica ir\u00e1 se reunir, a partir desta quinta-feira (30), na Secretaria de Estado da Administra\u00e7\u00e3o (Sead), para estudar a proposta de incorpora\u00e7\u00e3o de parte da bolsa-desempenho ao sal\u00e1rio dos funcion\u00e1rios inativos e demais demandas das categorias. O grupo de trabalho foi institu\u00eddo pelo governador Jo\u00e3o Azev\u00eado, na tarde desta quarta-feira (29), durante reuni\u00e3o com representantes do F\u00f3rum das Entidades das Pol\u00edcias Civil e Militar, realizada no Pal\u00e1cio da Reden\u00e7\u00e3o, em Jo\u00e3o Pessoa.<\/p>\n","protected":false},"excerpt":{"rendered":"<p>Uma Comiss\u00e3o constitu\u00edda entre representantes da \u00e1rea econ\u00f4mica do Governo do Estado e das entidades representativas dos servidores da Seguran\u00e7a P\u00fablica ir\u00e1 se reunir, a&hellip; <\/p>\n","protected":false},"author":1,"featured_media":150257,"comment_status":"closed","ping_status":"closed","sticky":false,"template":"","format":"standard","meta":{"sfsi_plus_gutenberg_text_before_share":"","sfsi_plus_gutenberg_show_text_before_share":"","sfsi_plus_gutenberg_icon_type":"","sfsi_plus_gutenberg_icon_alignemt":"","sfsi_plus_gutenburg_max_per_row":"","footnotes":""},"categories":[11],"tags":[],"class_list":["post-150256","post","type-post","status-publish","format-standard","has-post-thumbnail","hentry","category-politica"],"_links":{"self":[{"href":"https:\/\/www.caririemacao.com\/1\/wp-json\/wp\/v2\/posts\/150256","targetHints":{"allow":["GET"]}}],"collection":[{"href":"https:\/\/www.caririemacao.com\/1\/wp-json\/wp\/v2\/posts"}],"about":[{"href":"https:\/\/www.caririemacao.com\/1\/wp-json\/wp\/v2\/types\/post"}],"author":[{"embeddable":true,"href":"https:\/\/www.caririemacao.com\/1\/wp-json\/wp\/v2\/users\/1"}],"replies":[{"embeddable":true,"href":"https:\/\/www.caririemacao.com\/1\/wp-json\/wp\/v2\/comments?post=150256"}],"version-history":[{"count":1,"href":"https:\/\/www.caririemacao.com\/1\/wp-json\/wp\/v2\/posts\/150256\/revisions"}],"predecessor-version":[{"id":150258,"href":"https:\/\/www.caririemacao.com\/1\/wp-json\/wp\/v2\/posts\/150256\/revisions\/150258"}],"wp:featuredmedia":[{"embeddable":true,"href":"https:\/\/www.caririemacao.com\/1\/wp-json\/wp\/v2\/media\/150257"}],"wp:attachment":[{"href":"https:\/\/www.caririemacao.com\/1\/wp-json\/wp\/v2\/media?parent=150256"}],"wp:term":[{"taxonomy":"category","embeddable":true,"href":"https:\/\/www.caririemacao.com\/1\/wp-json\/wp\/v2\/categories?post=150256"},{"taxonomy":"post_tag","embeddable":true,"href":"https:\/\/www.caririemacao.com\/1\/wp-json\/wp\/v2\/tags?post=150256"}],"curies":[{"name":"wp","href":"https:\/\/api.w.org\/{rel}","templated":true}]}}