{"id":150260,"date":"2020-01-30T08:19:43","date_gmt":"2020-01-30T11:19:43","guid":{"rendered":"http:\/\/www.caririemacao.com\/1\/?p=150260"},"modified":"2020-01-30T08:19:45","modified_gmt":"2020-01-30T11:19:45","slug":"janeiro-branco-conta-com-caminhada-e-muita-animacao-no-municipio-de-monteiro","status":"publish","type":"post","link":"https:\/\/www.caririemacao.com\/1\/2020\/01\/30\/janeiro-branco-conta-com-caminhada-e-muita-animacao-no-municipio-de-monteiro\/","title":{"rendered":"Janeiro Branco conta com caminhada e muita anima\u00e7\u00e3o no munic\u00edpio de Monteiro"},"content":{"rendered":"\n<p>A Campanha Janeiro Branco surgiu atrav\u00e9s de psic\u00f3logos em parceria com os profissionais da \u00e1rea da sa\u00fade e \u00e9 voltada para a preven\u00e7\u00e3o da Sa\u00fade Mental.Em Monteiro o desenvolvimento de a\u00e7\u00f5es relacionadas ao tema cresce a cada ano e a Prefeitura de Monteiro ap\u00f3ia e incentiva a propaga\u00e7\u00e3o dessa campanha como forma de conscientiza\u00e7\u00e3o social por englobar uma causa relevante em \u00e2mbito mundial. Cada um de n\u00f3s tem por obriga\u00e7\u00e3o defender a sa\u00fade mental multiplicando a\u00e7\u00f5es que viabilizem o combate ao adoecimento emocional dos indiv\u00edduos.Al\u00e9m das diversas a\u00e7\u00f5es que est\u00e3o sendo realizadas pelas unidades de sa\u00fade do munic\u00edpio, a Secretaria Municipal de Sa\u00fade realizou na tarde desta ter\u00e7a-feira, 28, uma caminhada em conjunto com os grupos de pedal em prol do&nbsp;<\/p>\n\n\n\n<div class=\"wp-block-image\"><figure class=\"alignleft\"><img decoding=\"async\" data-src=\"https:\/\/i0.wp.com\/www.vitrinedocariri.com.br\/wp-content\/uploads\/2020\/01\/Janeiro-Branco-conta-com-caminhada-e-muita-anima%C3%A7%C3%A3o-no-munic%C3%ADpio-de-Monteiro-9.jpeg?zoom=2&amp;resize=330%2C220&amp;ssl=1\" alt=\"\" class=\"wp-image-62932 lazyload\" src=\"data:image\/svg+xml;base64,PHN2ZyB3aWR0aD0iMSIgaGVpZ2h0PSIxIiB4bWxucz0iaHR0cDovL3d3dy53My5vcmcvMjAwMC9zdmciPjwvc3ZnPg==\" \/><\/figure><\/div>\n\n\n\n<p>Janeiro Branco.O evento contou com a participa\u00e7\u00e3o da comunidade que contou com um alongamento, seguido pela caminhada e por fim uma aula de dan\u00e7a.<br>\u201cIniciamos as atividades logo no in\u00edcio do m\u00eas com salas de espera, rodas de conversa, oficinas e diversas outras atividades com o objetivo de incentivar a dissemina\u00e7\u00e3o da Campanha Janeiro Branco, que tem o intuito de atrair a aten\u00e7\u00e3o da sociedade para a import\u00e2ncia dos di\u00e1logos sobre a sa\u00fade mental\u201d, comenta a secret\u00e1ria executiva de sa\u00fade, Viviane Ferreira.<\/p>\n\n\n\n<div class=\"wp-block-image\"><figure class=\"alignleft\"><img decoding=\"async\" data-src=\"https:\/\/i0.wp.com\/www.vitrinedocariri.com.br\/wp-content\/uploads\/2020\/01\/Janeiro-Branco-conta-com-caminhada-e-muita-anima%C3%A7%C3%A3o-no-munic%C3%ADpio-de-Monteiro-11.jpeg?zoom=2&amp;resize=330%2C220&amp;ssl=1\" alt=\"\" class=\"wp-image-62933 lazyload\" src=\"data:image\/svg+xml;base64,PHN2ZyB3aWR0aD0iMSIgaGVpZ2h0PSIxIiB4bWxucz0iaHR0cDovL3d3dy53My5vcmcvMjAwMC9zdmciPjwvc3ZnPg==\" \/><\/figure><\/div>\n\n\n\n<p>Para os participantes do movimento, este \u00e9 um momento para alertar sobre a import\u00e2ncia da campanha \u201cQuem cuida da mente, cuida da vida! Com esse tema sa\u00edmos para as ruas, pra dizer que todos n\u00f3s podemos ter problema e tudo tem solu\u00e7\u00e3o, basta procurar um postinho ou at\u00e9 mesmo o CAPS. Eles nos atendem muito bem, conversam e tem as psic\u00f3logas que nos ajudam a ver a vida com mais esperan\u00e7a, devolvendo nossa vontade de viver, de reagir\u201d, afirma Maria das Dores, participante do evento.<\/p>\n","protected":false},"excerpt":{"rendered":"<p>A Campanha Janeiro Branco surgiu atrav\u00e9s de psic\u00f3logos em parceria com os profissionais da \u00e1rea da sa\u00fade e \u00e9 voltada para a preven\u00e7\u00e3o da Sa\u00fade&hellip; <\/p>\n","protected":false},"author":1,"featured_media":150261,"comment_status":"closed","ping_status":"closed","sticky":false,"template":"","format":"standard","meta":{"sfsi_plus_gutenberg_text_before_share":"","sfsi_plus_gutenberg_show_text_before_share":"","sfsi_plus_gutenberg_icon_type":"","sfsi_plus_gutenberg_icon_alignemt":"","sfsi_plus_gutenburg_max_per_row":"","footnotes":""},"categories":[2],"tags":[],"class_list":["post-150260","post","type-post","status-publish","format-standard","has-post-thumbnail","hentry","category-geral"],"_links":{"self":[{"href":"https:\/\/www.caririemacao.com\/1\/wp-json\/wp\/v2\/posts\/150260","targetHints":{"allow":["GET"]}}],"collection":[{"href":"https:\/\/www.caririemacao.com\/1\/wp-json\/wp\/v2\/posts"}],"about":[{"href":"https:\/\/www.caririemacao.com\/1\/wp-json\/wp\/v2\/types\/post"}],"author":[{"embeddable":true,"href":"https:\/\/www.caririemacao.com\/1\/wp-json\/wp\/v2\/users\/1"}],"replies":[{"embeddable":true,"href":"https:\/\/www.caririemacao.com\/1\/wp-json\/wp\/v2\/comments?post=150260"}],"version-history":[{"count":1,"href":"https:\/\/www.caririemacao.com\/1\/wp-json\/wp\/v2\/posts\/150260\/revisions"}],"predecessor-version":[{"id":150262,"href":"https:\/\/www.caririemacao.com\/1\/wp-json\/wp\/v2\/posts\/150260\/revisions\/150262"}],"wp:featuredmedia":[{"embeddable":true,"href":"https:\/\/www.caririemacao.com\/1\/wp-json\/wp\/v2\/media\/150261"}],"wp:attachment":[{"href":"https:\/\/www.caririemacao.com\/1\/wp-json\/wp\/v2\/media?parent=150260"}],"wp:term":[{"taxonomy":"category","embeddable":true,"href":"https:\/\/www.caririemacao.com\/1\/wp-json\/wp\/v2\/categories?post=150260"},{"taxonomy":"post_tag","embeddable":true,"href":"https:\/\/www.caririemacao.com\/1\/wp-json\/wp\/v2\/tags?post=150260"}],"curies":[{"name":"wp","href":"https:\/\/api.w.org\/{rel}","templated":true}]}}