{"id":150264,"date":"2020-01-30T08:22:04","date_gmt":"2020-01-30T11:22:04","guid":{"rendered":"http:\/\/www.caririemacao.com\/1\/?p=150264"},"modified":"2020-01-30T08:22:05","modified_gmt":"2020-01-30T11:22:05","slug":"mpf-investiga-precariedade-na-sede-e-viaturas-do-incra-na-paraiba","status":"publish","type":"post","link":"https:\/\/www.caririemacao.com\/1\/2020\/01\/30\/mpf-investiga-precariedade-na-sede-e-viaturas-do-incra-na-paraiba\/","title":{"rendered":"MPF investiga precariedade na sede e viaturas do Incra na Para\u00edba"},"content":{"rendered":"\n<p>O Minist\u00e9rio P\u00fablico Federal instaurou inqu\u00e9rito civil para apurar a precariedade na conserva\u00e7\u00e3o e manuten\u00e7\u00e3o da sede do Instituto Nacional de Coloniza\u00e7\u00e3o e Reforma Agr\u00e1ria (Incra) na Para\u00edba. Portaria com a decis\u00e3o foi publicada em edi\u00e7\u00e3o do Di\u00e1rio Oficial do \u00f3rg\u00e3o desta quinta-feira (30).<\/p>\n\n\n\n<p>A investiga\u00e7\u00e3o se estende ao estado de conserva\u00e7\u00e3o das viaturas utilizadas pelo Incra para servi\u00e7os externos. A portaria \u00e9 assinada pelo procurador da Rep\u00fablica S\u00e9rgio Rodrigo Pimentel de Castro Pinto.<\/p>\n\n\n\n<p><strong>MaisPB<\/strong><\/p>\n","protected":false},"excerpt":{"rendered":"<p>O Minist\u00e9rio P\u00fablico Federal instaurou inqu\u00e9rito civil para apurar a precariedade na conserva\u00e7\u00e3o e manuten\u00e7\u00e3o da sede do Instituto Nacional de Coloniza\u00e7\u00e3o e Reforma Agr\u00e1ria&hellip; <\/p>\n","protected":false},"author":1,"featured_media":150265,"comment_status":"closed","ping_status":"closed","sticky":false,"template":"","format":"standard","meta":{"sfsi_plus_gutenberg_text_before_share":"","sfsi_plus_gutenberg_show_text_before_share":"","sfsi_plus_gutenberg_icon_type":"","sfsi_plus_gutenberg_icon_alignemt":"","sfsi_plus_gutenburg_max_per_row":"","footnotes":""},"categories":[2],"tags":[],"class_list":["post-150264","post","type-post","status-publish","format-standard","has-post-thumbnail","hentry","category-geral"],"_links":{"self":[{"href":"https:\/\/www.caririemacao.com\/1\/wp-json\/wp\/v2\/posts\/150264","targetHints":{"allow":["GET"]}}],"collection":[{"href":"https:\/\/www.caririemacao.com\/1\/wp-json\/wp\/v2\/posts"}],"about":[{"href":"https:\/\/www.caririemacao.com\/1\/wp-json\/wp\/v2\/types\/post"}],"author":[{"embeddable":true,"href":"https:\/\/www.caririemacao.com\/1\/wp-json\/wp\/v2\/users\/1"}],"replies":[{"embeddable":true,"href":"https:\/\/www.caririemacao.com\/1\/wp-json\/wp\/v2\/comments?post=150264"}],"version-history":[{"count":1,"href":"https:\/\/www.caririemacao.com\/1\/wp-json\/wp\/v2\/posts\/150264\/revisions"}],"predecessor-version":[{"id":150266,"href":"https:\/\/www.caririemacao.com\/1\/wp-json\/wp\/v2\/posts\/150264\/revisions\/150266"}],"wp:featuredmedia":[{"embeddable":true,"href":"https:\/\/www.caririemacao.com\/1\/wp-json\/wp\/v2\/media\/150265"}],"wp:attachment":[{"href":"https:\/\/www.caririemacao.com\/1\/wp-json\/wp\/v2\/media?parent=150264"}],"wp:term":[{"taxonomy":"category","embeddable":true,"href":"https:\/\/www.caririemacao.com\/1\/wp-json\/wp\/v2\/categories?post=150264"},{"taxonomy":"post_tag","embeddable":true,"href":"https:\/\/www.caririemacao.com\/1\/wp-json\/wp\/v2\/tags?post=150264"}],"curies":[{"name":"wp","href":"https:\/\/api.w.org\/{rel}","templated":true}]}}