{"id":150268,"date":"2020-01-30T08:24:03","date_gmt":"2020-01-30T11:24:03","guid":{"rendered":"http:\/\/www.caririemacao.com\/1\/?p=150268"},"modified":"2020-01-30T08:24:05","modified_gmt":"2020-01-30T11:24:05","slug":"camara-dos-deputados-pode-iniciar-ano-com-foco-em-propostas-economicas","status":"publish","type":"post","link":"https:\/\/www.caririemacao.com\/1\/2020\/01\/30\/camara-dos-deputados-pode-iniciar-ano-com-foco-em-propostas-economicas\/","title":{"rendered":"C\u00e2mara dos Deputados pode iniciar ano com foco em propostas econ\u00f4micas"},"content":{"rendered":"\n<p>O presidente da C\u00e2mara dos Deputados, Rodrigo Maia (DEM-RJ), anunciou que pretende pautar neste primeiro semestre os projetos de autonomia do Banco Central (PLP 112\/19) e do novo marco legal para o mercado de c\u00e2mbio no Brasil (PL 5387\/19).<\/p>\n\n\n\n<p>Ele esteve reunido com o presidente do BC, Roberto Campos Neto, na noite da quarta-feira (22).<\/p>\n\n\n\n<p>\u201cA partir do in\u00edcio de fevereiro, queremos construir maioria para aprovar essas propostas que est\u00e3o prontas para ir a voto\u201d, afirmou Maia.<\/p>\n\n\n\n<p>O presidente da C\u00e2mara informou que reunir\u00e1 os l\u00edderes partid\u00e1rios para organizar os esfor\u00e7os para a vota\u00e7\u00e3o.<\/p>\n\n\n\n<p>Ele quer submeter aos l\u00edderes o parecer do deputado Celso Maldaner (MDB-SC) \u00e0 proposta de autonomia do Banco Central, apresentado na legislatura passada.<\/p>\n\n\n\n<p>A sess\u00e3o legislativa volta a ser realizada no dia 2 de fevereiro.<\/p>\n\n\n\n<p><strong>Meio Ambiente<\/strong><\/p>\n\n\n\n<p>Para garantir o crescimento da economia neste ano, Rodrigo Maia afirmou que cada um dos poderes deve fazer a sua parte.<\/p>\n\n\n\n<p>O Legislativo, segundo ele, deve organizar a pauta para garantir sinaliza\u00e7\u00e3o positiva em v\u00e1rias \u00e1reas, sobretudo, meio ambiente.<\/p>\n\n\n\n<p>Ele destacou como prioridade proposta que penaliza com mais rigor as queimadas.<\/p>\n\n\n\n<p>Segundo o presidente, o tema j\u00e1 teria sido negociado com as frentes parlamentares da Agropecu\u00e1ria e do Meio Ambiente.<\/p>\n\n\n\n<p>A C\u00e2mara analisa diversos projetos sobre o tema.<\/p>\n\n\n\n<p><strong>Reforma ministerial<\/strong><\/p>\n\n\n\n<p>Questionado por jornalistas, o presidente da C\u00e2mara comentou a possibilidade de o governo recriar os minist\u00e9rios da Seguran\u00e7a P\u00fablica e da Cultura.<\/p>\n\n\n\n<p>Maia ressaltou que a recria\u00e7\u00e3o das pastas n\u00e3o necessariamente representa aumento de gastos. No caso da seguran\u00e7a p\u00fablica, ele considera um equ\u00edvoco a sua extin\u00e7\u00e3o no in\u00edcio do governo.<\/p>\n\n\n\n<p>\u201cRecriar vai sinalizar uma prioridade para a \u00e1rea\u201d, declarou.<\/p>\n\n\n\n<p>Maia considera o mesmo sobre a cultura.<\/p>\n\n\n\n<p>\u201cVai reorganizar a rela\u00e7\u00e3o da pasta com a sociedade, t\u00e3o machucada nos \u00faltimos tempos\u201d, afirmou.<\/p>\n\n\n\n<p>Para\u00edba Online <\/p>\n","protected":false},"excerpt":{"rendered":"<p>O presidente da C\u00e2mara dos Deputados, Rodrigo Maia (DEM-RJ), anunciou que pretende pautar neste primeiro semestre os projetos de autonomia do Banco Central (PLP 112\/19)&hellip; <\/p>\n","protected":false},"author":1,"featured_media":128420,"comment_status":"closed","ping_status":"closed","sticky":false,"template":"","format":"standard","meta":{"sfsi_plus_gutenberg_text_before_share":"","sfsi_plus_gutenberg_show_text_before_share":"","sfsi_plus_gutenberg_icon_type":"","sfsi_plus_gutenberg_icon_alignemt":"","sfsi_plus_gutenburg_max_per_row":"","footnotes":""},"categories":[2],"tags":[],"class_list":["post-150268","post","type-post","status-publish","format-standard","has-post-thumbnail","hentry","category-geral"],"_links":{"self":[{"href":"https:\/\/www.caririemacao.com\/1\/wp-json\/wp\/v2\/posts\/150268","targetHints":{"allow":["GET"]}}],"collection":[{"href":"https:\/\/www.caririemacao.com\/1\/wp-json\/wp\/v2\/posts"}],"about":[{"href":"https:\/\/www.caririemacao.com\/1\/wp-json\/wp\/v2\/types\/post"}],"author":[{"embeddable":true,"href":"https:\/\/www.caririemacao.com\/1\/wp-json\/wp\/v2\/users\/1"}],"replies":[{"embeddable":true,"href":"https:\/\/www.caririemacao.com\/1\/wp-json\/wp\/v2\/comments?post=150268"}],"version-history":[{"count":1,"href":"https:\/\/www.caririemacao.com\/1\/wp-json\/wp\/v2\/posts\/150268\/revisions"}],"predecessor-version":[{"id":150269,"href":"https:\/\/www.caririemacao.com\/1\/wp-json\/wp\/v2\/posts\/150268\/revisions\/150269"}],"wp:featuredmedia":[{"embeddable":true,"href":"https:\/\/www.caririemacao.com\/1\/wp-json\/wp\/v2\/media\/128420"}],"wp:attachment":[{"href":"https:\/\/www.caririemacao.com\/1\/wp-json\/wp\/v2\/media?parent=150268"}],"wp:term":[{"taxonomy":"category","embeddable":true,"href":"https:\/\/www.caririemacao.com\/1\/wp-json\/wp\/v2\/categories?post=150268"},{"taxonomy":"post_tag","embeddable":true,"href":"https:\/\/www.caririemacao.com\/1\/wp-json\/wp\/v2\/tags?post=150268"}],"curies":[{"name":"wp","href":"https:\/\/api.w.org\/{rel}","templated":true}]}}