{"id":150274,"date":"2020-01-30T08:30:45","date_gmt":"2020-01-30T11:30:45","guid":{"rendered":"http:\/\/www.caririemacao.com\/1\/?p=150274"},"modified":"2020-01-30T08:30:46","modified_gmt":"2020-01-30T11:30:46","slug":"prefeitura-de-amparo-realiza-pagamento-dos-servidores-dentro-do-mes-trabalhado","status":"publish","type":"post","link":"https:\/\/www.caririemacao.com\/1\/2020\/01\/30\/prefeitura-de-amparo-realiza-pagamento-dos-servidores-dentro-do-mes-trabalhado\/","title":{"rendered":"Prefeitura de Amparo realiza pagamento dos servidores dentro do m\u00eas trabalhado"},"content":{"rendered":"\n<p>A Secretaria Municipal de Finan\u00e7as confirmou nas primeiras horas desta quinta-feira (30), a transfer\u00eancia do aporte financeiro referente ao m\u00eas de Janeiro para as contas do servidores p\u00fablicos municipais. <\/p>\n\n\n\n<p>Para o prefeito In\u00e1cio N\u00f3brega al\u00e9m do compromisso e respeito com o servidor, a o aquecimento da economia local. Apesar das dificuldades econ\u00f4micas, sempre nos planejamos de forma a n\u00e3o comprometer o pagamento do nosso funcionalismo. <\/p>\n\n\n\n<p>S\u00e3o eles que nos d\u00e3o a certeza de que a m\u00e1quina p\u00fablica est\u00e1 funcionando. Estamos pagando o ter\u00e7o de f\u00e9rias dos nossos professores e, o piso nacional dos nossos agentes comunit\u00e1rios de sa\u00fade. Mostrando o nosso respeito \u00e0 todos os servidores.<\/p>\n","protected":false},"excerpt":{"rendered":"<p>A Secretaria Municipal de Finan\u00e7as confirmou nas primeiras horas desta quinta-feira (30), a transfer\u00eancia do aporte financeiro referente ao m\u00eas de Janeiro para as contas&hellip; <\/p>\n","protected":false},"author":1,"featured_media":150275,"comment_status":"closed","ping_status":"closed","sticky":false,"template":"","format":"standard","meta":{"sfsi_plus_gutenberg_text_before_share":"","sfsi_plus_gutenberg_show_text_before_share":"","sfsi_plus_gutenberg_icon_type":"","sfsi_plus_gutenberg_icon_alignemt":"","sfsi_plus_gutenburg_max_per_row":"","footnotes":""},"categories":[6,50],"tags":[],"class_list":["post-150274","post","type-post","status-publish","format-standard","has-post-thumbnail","hentry","category-cidades","category-destaque"],"_links":{"self":[{"href":"https:\/\/www.caririemacao.com\/1\/wp-json\/wp\/v2\/posts\/150274","targetHints":{"allow":["GET"]}}],"collection":[{"href":"https:\/\/www.caririemacao.com\/1\/wp-json\/wp\/v2\/posts"}],"about":[{"href":"https:\/\/www.caririemacao.com\/1\/wp-json\/wp\/v2\/types\/post"}],"author":[{"embeddable":true,"href":"https:\/\/www.caririemacao.com\/1\/wp-json\/wp\/v2\/users\/1"}],"replies":[{"embeddable":true,"href":"https:\/\/www.caririemacao.com\/1\/wp-json\/wp\/v2\/comments?post=150274"}],"version-history":[{"count":1,"href":"https:\/\/www.caririemacao.com\/1\/wp-json\/wp\/v2\/posts\/150274\/revisions"}],"predecessor-version":[{"id":150276,"href":"https:\/\/www.caririemacao.com\/1\/wp-json\/wp\/v2\/posts\/150274\/revisions\/150276"}],"wp:featuredmedia":[{"embeddable":true,"href":"https:\/\/www.caririemacao.com\/1\/wp-json\/wp\/v2\/media\/150275"}],"wp:attachment":[{"href":"https:\/\/www.caririemacao.com\/1\/wp-json\/wp\/v2\/media?parent=150274"}],"wp:term":[{"taxonomy":"category","embeddable":true,"href":"https:\/\/www.caririemacao.com\/1\/wp-json\/wp\/v2\/categories?post=150274"},{"taxonomy":"post_tag","embeddable":true,"href":"https:\/\/www.caririemacao.com\/1\/wp-json\/wp\/v2\/tags?post=150274"}],"curies":[{"name":"wp","href":"https:\/\/api.w.org\/{rel}","templated":true}]}}