{"id":150278,"date":"2020-01-30T10:30:38","date_gmt":"2020-01-30T13:30:38","guid":{"rendered":"http:\/\/www.caririemacao.com\/1\/?p=150278"},"modified":"2020-01-30T10:30:41","modified_gmt":"2020-01-30T13:30:41","slug":"jefferson-roberto-se-reune-com-deputado-adriano-galdino-e-secretarios-de-estado-e-faz-reivindicacoes-para-sao-jose-dos-cordeiros","status":"publish","type":"post","link":"https:\/\/www.caririemacao.com\/1\/2020\/01\/30\/jefferson-roberto-se-reune-com-deputado-adriano-galdino-e-secretarios-de-estado-e-faz-reivindicacoes-para-sao-jose-dos-cordeiros\/","title":{"rendered":"Jefferson Roberto se re\u00fane com deputado Adriano Galdino e secret\u00e1rios de Estado e faz reivindica\u00e7\u00f5es para S\u00e3o Jos\u00e9 dos Cordeiros"},"content":{"rendered":"\n<p>O prefeito Jefferson Roberto esteve nesta quarta-feira (29) na companhia do presidente da Assembl\u00e9ia Legislativa, deputado Adriano Galdino, visitando v\u00e1rios secret\u00e1rios do Governo do Estado e na pasta v\u00e1rios projetos e pleitos para o munic\u00edpio de S\u00e3o Jos\u00e9 dos Cordeiros.<\/p>\n\n\n\n<p>Jefferson Roberto visitou durante a manh\u00e3 da quarta o secret\u00e1rio de Recursos H\u00eddricos e Infraestrutura, Deusdete Queiroga. Junto ao auxiliar, o gestor cordeirense solicitou a perfura\u00e7\u00e3o de mais 6 po\u00e7os artesianos, passagem molhada na zona rural, dois novos sistemas do Programa \u00c1gua Doce, pavimenta\u00e7\u00e3o de ruas em paralelep\u00edpedo e a conclus\u00e3o do sistema de esgotamento sanit\u00e1rio de S\u00e3o Jos\u00e9 dos Cordeiros.<\/p>\n\n\n\n<p>Segundo o gestor, Deusdete recebeu com aten\u00e7\u00e3o e disposi\u00e7\u00e3o os pleitos realizados e garantiu de imediato o retorno das obras de esgotamento sanit\u00e1rio.<\/p>\n\n\n\n<div class=\"wp-block-image\"><figure class=\"aligncenter\"><img decoding=\"async\" data-src=\"http:\/\/deolhonocariri.com.br\/wp-content\/uploads\/2020\/01\/84081001_479382672751827_6096665321727328256_n.jpg\" alt=\"\" class=\"wp-image-77178 lazyload\" src=\"data:image\/svg+xml;base64,PHN2ZyB3aWR0aD0iMSIgaGVpZ2h0PSIxIiB4bWxucz0iaHR0cDovL3d3dy53My5vcmcvMjAwMC9zdmciPjwvc3ZnPg==\" \/><\/figure><\/div>\n\n\n\n<p><br>\u00c0 tarde, o prefeito Jefferson Roberto e o deputado Adriano Galdino estiveram com o secret\u00e1rio de sa\u00fade, Dr. Geraldo Medeiros, e de pronto agradeceu ao auxiliar e ao deputado Adriano o empenho para a libera\u00e7\u00e3o de recursos para o Hospital de Serra Branca. O prefeito pediu ainda ao secret\u00e1rio a destina\u00e7\u00e3o de um ve\u00edculo para atender pacientes da regi\u00e3o que necessitam de tratamento fora de domic\u00edlio, entre outros pleitos.<\/p>\n\n\n\n<p>Nesta quinta-feira (30), o prefeito Jefferson Roberto continuar\u00e1 visitando as Secretarias de Estado e estar\u00e1 reunido com o secret\u00e1rio de educa\u00e7\u00e3o, Cl\u00e1udio Furtado.<\/p>\n\n\n\n<p>Para o presidente da Assembleia, Adriano Galdino, os encontros tem sido promissores e uma oportunidade do Governo do Estado se planejar para atender as demandas da popula\u00e7\u00e3o de S\u00e3o Jos\u00e9 dos Cordeiros.<\/p>\n\n\n\n<p>O prefeito Jefferson Roberto agradeceu a intercess\u00e3o do deputado nesses encontros e destacou que sua presen\u00e7a est\u00e1 fortalecendo os pleitos levados para cada secretaria.<\/p>\n","protected":false},"excerpt":{"rendered":"<p>O prefeito Jefferson Roberto esteve nesta quarta-feira (29) na companhia do presidente da Assembl\u00e9ia Legislativa, deputado Adriano Galdino, visitando v\u00e1rios secret\u00e1rios do Governo do Estado&hellip; <\/p>\n","protected":false},"author":1,"featured_media":150279,"comment_status":"closed","ping_status":"closed","sticky":false,"template":"","format":"standard","meta":{"sfsi_plus_gutenberg_text_before_share":"","sfsi_plus_gutenberg_show_text_before_share":"","sfsi_plus_gutenberg_icon_type":"","sfsi_plus_gutenberg_icon_alignemt":"","sfsi_plus_gutenburg_max_per_row":"","footnotes":""},"categories":[2],"tags":[],"class_list":["post-150278","post","type-post","status-publish","format-standard","has-post-thumbnail","hentry","category-geral"],"_links":{"self":[{"href":"https:\/\/www.caririemacao.com\/1\/wp-json\/wp\/v2\/posts\/150278","targetHints":{"allow":["GET"]}}],"collection":[{"href":"https:\/\/www.caririemacao.com\/1\/wp-json\/wp\/v2\/posts"}],"about":[{"href":"https:\/\/www.caririemacao.com\/1\/wp-json\/wp\/v2\/types\/post"}],"author":[{"embeddable":true,"href":"https:\/\/www.caririemacao.com\/1\/wp-json\/wp\/v2\/users\/1"}],"replies":[{"embeddable":true,"href":"https:\/\/www.caririemacao.com\/1\/wp-json\/wp\/v2\/comments?post=150278"}],"version-history":[{"count":1,"href":"https:\/\/www.caririemacao.com\/1\/wp-json\/wp\/v2\/posts\/150278\/revisions"}],"predecessor-version":[{"id":150280,"href":"https:\/\/www.caririemacao.com\/1\/wp-json\/wp\/v2\/posts\/150278\/revisions\/150280"}],"wp:featuredmedia":[{"embeddable":true,"href":"https:\/\/www.caririemacao.com\/1\/wp-json\/wp\/v2\/media\/150279"}],"wp:attachment":[{"href":"https:\/\/www.caririemacao.com\/1\/wp-json\/wp\/v2\/media?parent=150278"}],"wp:term":[{"taxonomy":"category","embeddable":true,"href":"https:\/\/www.caririemacao.com\/1\/wp-json\/wp\/v2\/categories?post=150278"},{"taxonomy":"post_tag","embeddable":true,"href":"https:\/\/www.caririemacao.com\/1\/wp-json\/wp\/v2\/tags?post=150278"}],"curies":[{"name":"wp","href":"https:\/\/api.w.org\/{rel}","templated":true}]}}