{"id":150285,"date":"2020-01-30T10:31:49","date_gmt":"2020-01-30T13:31:49","guid":{"rendered":"http:\/\/www.caririemacao.com\/1\/?p=150285"},"modified":"2020-01-30T10:31:51","modified_gmt":"2020-01-30T13:31:51","slug":"prefeita-anna-lorena-prestigia-desfile-somos-todos-paraiba-ao-lado-de-joao-azevedo","status":"publish","type":"post","link":"https:\/\/www.caririemacao.com\/1\/2020\/01\/30\/prefeita-anna-lorena-prestigia-desfile-somos-todos-paraiba-ao-lado-de-joao-azevedo\/","title":{"rendered":"Prefeita Anna Lorena prestigia desfile \u2018Somos Todos Para\u00edba\u2019, ao lado de Jo\u00e3o Azev\u00eado"},"content":{"rendered":"\n<p>A prefeita de Monteiro Anna Lorena prestigiou na noite desta quarta-feira (29) o desfile da cole\u00e7\u00e3o \u2018Somos Todos Para\u00edba\u2019, promovido pelo Governo da Para\u00edba, no Espa\u00e7o Cultural em Jo\u00e3o Pessoa.<\/p>\n\n\n\n<p>Al\u00e9m de Lorena, outros gestores do Cariri, como Silvano Dudu, prefeito de Cara\u00fabas, Tiago Castro, prefeito de Cabaceiras, Jefferson Roberto, prefeito de S\u00e3o Jos\u00e9 dos Cordeiros, Adriano Wolff de SS do Umbuzeiro e tamb\u00e9m Aristeu Chaves, gestor do PROCASE.<\/p>\n\n\n\n<p><strong>PARCERIA<\/strong><\/p>\n\n\n\n<p>Recentemente, a prefeita Lorena recebeu a primeira-dama do Estado e presidente de Honra do Programa do Artesanato da Para\u00edba (PAP), Ana Maria Lins, para uma visita a Associa\u00e7\u00e3o das Rendeiras de Renda Renascen\u00e7a de Monteiro.<\/p>\n\n\n\n<p>Durante a visita, a primeira-dama anunciou a cria\u00e7\u00e3o do Centro de Refer\u00eancia do Artesanato.<\/p>\n\n\n\n<p>Anna Lorena de pronto disponibilizou um pr\u00e9dio que proporcionar\u00e1 melhores condi\u00e7\u00f5es de venda, pondo o artes\u00e3o em contato mais direto com turistas que visitam a cidade.<br><strong>F\u00c1BIO BRITO<\/strong><\/p>\n","protected":false},"excerpt":{"rendered":"<p>A prefeita de Monteiro Anna Lorena prestigiou na noite desta quarta-feira (29) o desfile da cole\u00e7\u00e3o \u2018Somos Todos Para\u00edba\u2019, promovido pelo Governo da Para\u00edba, no&hellip; <\/p>\n","protected":false},"author":1,"featured_media":150289,"comment_status":"closed","ping_status":"closed","sticky":false,"template":"","format":"standard","meta":{"sfsi_plus_gutenberg_text_before_share":"","sfsi_plus_gutenberg_show_text_before_share":"","sfsi_plus_gutenberg_icon_type":"","sfsi_plus_gutenberg_icon_alignemt":"","sfsi_plus_gutenburg_max_per_row":"","footnotes":""},"categories":[6],"tags":[],"class_list":["post-150285","post","type-post","status-publish","format-standard","has-post-thumbnail","hentry","category-cidades"],"_links":{"self":[{"href":"https:\/\/www.caririemacao.com\/1\/wp-json\/wp\/v2\/posts\/150285","targetHints":{"allow":["GET"]}}],"collection":[{"href":"https:\/\/www.caririemacao.com\/1\/wp-json\/wp\/v2\/posts"}],"about":[{"href":"https:\/\/www.caririemacao.com\/1\/wp-json\/wp\/v2\/types\/post"}],"author":[{"embeddable":true,"href":"https:\/\/www.caririemacao.com\/1\/wp-json\/wp\/v2\/users\/1"}],"replies":[{"embeddable":true,"href":"https:\/\/www.caririemacao.com\/1\/wp-json\/wp\/v2\/comments?post=150285"}],"version-history":[{"count":1,"href":"https:\/\/www.caririemacao.com\/1\/wp-json\/wp\/v2\/posts\/150285\/revisions"}],"predecessor-version":[{"id":150290,"href":"https:\/\/www.caririemacao.com\/1\/wp-json\/wp\/v2\/posts\/150285\/revisions\/150290"}],"wp:featuredmedia":[{"embeddable":true,"href":"https:\/\/www.caririemacao.com\/1\/wp-json\/wp\/v2\/media\/150289"}],"wp:attachment":[{"href":"https:\/\/www.caririemacao.com\/1\/wp-json\/wp\/v2\/media?parent=150285"}],"wp:term":[{"taxonomy":"category","embeddable":true,"href":"https:\/\/www.caririemacao.com\/1\/wp-json\/wp\/v2\/categories?post=150285"},{"taxonomy":"post_tag","embeddable":true,"href":"https:\/\/www.caririemacao.com\/1\/wp-json\/wp\/v2\/tags?post=150285"}],"curies":[{"name":"wp","href":"https:\/\/api.w.org\/{rel}","templated":true}]}}