{"id":150299,"date":"2020-01-30T10:34:27","date_gmt":"2020-01-30T13:34:27","guid":{"rendered":"http:\/\/www.caririemacao.com\/1\/?p=150299"},"modified":"2020-01-30T10:34:29","modified_gmt":"2020-01-30T13:34:29","slug":"homem-tem-moto-roubada-apos-deixa-la-em-frente-de-residencia-em-cidade-do-cariri","status":"publish","type":"post","link":"https:\/\/www.caririemacao.com\/1\/2020\/01\/30\/homem-tem-moto-roubada-apos-deixa-la-em-frente-de-residencia-em-cidade-do-cariri\/","title":{"rendered":"Homem tem moto roubada ap\u00f3s deix\u00e1-la em frente de resid\u00eancia em cidade do Cariri"},"content":{"rendered":"\n<p>Na noite desta quarta-feira(29) foi registrado mais um roubo de moto na regi\u00e3o do Cariri paraibano.<\/p>\n\n\n\n<p>Al\u00e9m de S\u00e3o Jo\u00e3o do Cariri, que teve uma moto roubada e logo ap\u00f3s largada pelos criminosos, em Tapero\u00e1 os bandidos levaram uma moto Honda BROS, cor amarela , ano 2009 placa,NPX 7869 Tapero\u00e1 -PB.<\/p>\n\n\n\n<p>O fato ocorreu no centro da cidade nas imedia\u00e7\u00f5es da unidade do SAMU. Segundo informa\u00e7\u00f5es apuradas, o condutor da moto teria entrado em uma resid\u00eancia e quando retornou n\u00e3o encontrou mais a motocicleta.<\/p>\n\n\n\n<p>A guarni\u00e7\u00e3o da Pol\u00edcia Militar de Tapero\u00e1 foi acionada e fez dilig\u00eancias pela cidade e regi\u00e3o, mas at\u00e9 o fechamento da mat\u00e9ria n\u00e3o conseguiram encontrar os criminosos e nem a motocicleta.<\/p>\n\n\n\n<p><strong>De Olho no Cariri<\/strong><\/p>\n","protected":false},"excerpt":{"rendered":"<p>Na noite desta quarta-feira(29) foi registrado mais um roubo de moto na regi\u00e3o do Cariri paraibano. Al\u00e9m de S\u00e3o Jo\u00e3o do Cariri, que teve uma&hellip; <\/p>\n","protected":false},"author":1,"featured_media":150300,"comment_status":"closed","ping_status":"closed","sticky":false,"template":"","format":"standard","meta":{"sfsi_plus_gutenberg_text_before_share":"","sfsi_plus_gutenberg_show_text_before_share":"","sfsi_plus_gutenberg_icon_type":"","sfsi_plus_gutenberg_icon_alignemt":"","sfsi_plus_gutenburg_max_per_row":"","footnotes":""},"categories":[50,12],"tags":[],"class_list":["post-150299","post","type-post","status-publish","format-standard","has-post-thumbnail","hentry","category-destaque","category-policia"],"_links":{"self":[{"href":"https:\/\/www.caririemacao.com\/1\/wp-json\/wp\/v2\/posts\/150299","targetHints":{"allow":["GET"]}}],"collection":[{"href":"https:\/\/www.caririemacao.com\/1\/wp-json\/wp\/v2\/posts"}],"about":[{"href":"https:\/\/www.caririemacao.com\/1\/wp-json\/wp\/v2\/types\/post"}],"author":[{"embeddable":true,"href":"https:\/\/www.caririemacao.com\/1\/wp-json\/wp\/v2\/users\/1"}],"replies":[{"embeddable":true,"href":"https:\/\/www.caririemacao.com\/1\/wp-json\/wp\/v2\/comments?post=150299"}],"version-history":[{"count":1,"href":"https:\/\/www.caririemacao.com\/1\/wp-json\/wp\/v2\/posts\/150299\/revisions"}],"predecessor-version":[{"id":150301,"href":"https:\/\/www.caririemacao.com\/1\/wp-json\/wp\/v2\/posts\/150299\/revisions\/150301"}],"wp:featuredmedia":[{"embeddable":true,"href":"https:\/\/www.caririemacao.com\/1\/wp-json\/wp\/v2\/media\/150300"}],"wp:attachment":[{"href":"https:\/\/www.caririemacao.com\/1\/wp-json\/wp\/v2\/media?parent=150299"}],"wp:term":[{"taxonomy":"category","embeddable":true,"href":"https:\/\/www.caririemacao.com\/1\/wp-json\/wp\/v2\/categories?post=150299"},{"taxonomy":"post_tag","embeddable":true,"href":"https:\/\/www.caririemacao.com\/1\/wp-json\/wp\/v2\/tags?post=150299"}],"curies":[{"name":"wp","href":"https:\/\/api.w.org\/{rel}","templated":true}]}}