{"id":150311,"date":"2020-01-30T10:47:00","date_gmt":"2020-01-30T13:47:00","guid":{"rendered":"http:\/\/www.caririemacao.com\/1\/?p=150311"},"modified":"2020-01-30T10:47:03","modified_gmt":"2020-01-30T13:47:03","slug":"primeiro-curta-metragem-comeca-a-ser-produzido-no-municipio-de-caraubas","status":"publish","type":"post","link":"https:\/\/www.caririemacao.com\/1\/2020\/01\/30\/primeiro-curta-metragem-comeca-a-ser-produzido-no-municipio-de-caraubas\/","title":{"rendered":"Primeiro curta-metragem come\u00e7a a ser produzido no munic\u00edpio de Cara\u00fabas"},"content":{"rendered":"\n<p>Depois de ter sido selecionado entre os mais de 60(sessenta) munic\u00edpios do Estado da Para\u00edba a fazer parte do Mapa do Turismo do Brasil, o munic\u00edpio de Cara\u00fabas iniciou as obras de infraestrutura tur\u00edsticas necess\u00e1rias ao recebimento de turistas de diversas regi\u00f5es do pa\u00eds.<\/p>\n\n\n\n<div class=\"wp-block-image\"><figure class=\"alignright\"><img decoding=\"async\" data-src=\"http:\/\/deolhonocariri.com.br\/wp-content\/uploads\/2020\/01\/83061246_2558339174275190_607928410018152448_n.jpg\" alt=\"\" class=\"wp-image-77190 lazyload\" src=\"data:image\/svg+xml;base64,PHN2ZyB3aWR0aD0iMSIgaGVpZ2h0PSIxIiB4bWxucz0iaHR0cDovL3d3dy53My5vcmcvMjAwMC9zdmciPjwvc3ZnPg==\" \/><\/figure><\/div>\n\n\n\n<p>Mas nesta ter\u00e7a-feira, dia 29 o munic\u00edpio recebeu uma caravana formada por jovens atores da Para\u00edba, alunos da Universidade Federal da Para\u00edba \u2013 UFPB para iniciarem a filmagem do primeiro curta metragem do munic\u00edpio escrito pelo jovem escritor coxixolense Caio.<\/p>\n\n\n\n<p>Gra\u00e7as \u00e0 uma parceria da Prefeitura Municipal de Cara\u00fabas atrav\u00e9s da Secretaria do Turismo, da Cultura, do Desporto e do Lazer e a UFPB, campus de Jo\u00e3o Pessoa foi poss\u00edvel essa produ\u00e7\u00e3o cinematogr\u00e1fica. Todo o roteiro ser\u00e1 gravado na comunidade de Curimat\u00e3s, zona rural do munic\u00edpio.<\/p>\n\n\n\n<p>O curta ir\u00e1 contar a hist\u00f3ria de uma fam\u00edlia que sobrevivia do trabalho pesado em fornos de Cal. Por isso o t\u00edtulo do filme se chama PEDRA. Durante uma semana atores e figurantes ir\u00e3o gravar cenas que retrataram a dif\u00edcil vida de uma fam\u00edlia que sobrevive desse trabalho.<\/p>\n\n\n\n<p>De acordo com Caio uma verdadeira estrutura foi montado desde o cen\u00e1rio natural, equipamentos de filmagem, alojamento, deslocamento dos atores, enfim, tudo o que \u00e9 exigido para que o filme possa ser selecionado em n\u00edvel nacional o que dever\u00e1 ocorrer caso o mesmo seja selecionado com os demais que ser\u00e3o produzidos em larga escala pa\u00eds afora.<\/p>\n\n\n\n<div class=\"wp-block-image\"><figure class=\"aligncenter\"><img decoding=\"async\" data-src=\"http:\/\/deolhonocariri.com.br\/wp-content\/uploads\/2020\/01\/83908465_2558339190941855_447251918243233792_n.jpg\" alt=\"\" class=\"wp-image-77192 lazyload\" src=\"data:image\/svg+xml;base64,PHN2ZyB3aWR0aD0iMSIgaGVpZ2h0PSIxIiB4bWxucz0iaHR0cDovL3d3dy53My5vcmcvMjAwMC9zdmciPjwvc3ZnPg==\" \/><\/figure><\/div>\n\n\n\n<p>Queremos agradecer ao pessoal de apoio do munic\u00edpio, principalmente, na pessoa do prefeito Silvano Dudu que tem demonstrado total interesse nessa produ\u00e7\u00e3o como forma de mostrar para o Brasil as potencialidades do munic\u00edpio de Cara\u00fabas, afirmou Caio.<\/p>\n\n\n\n<p>A secret\u00e1ria do Turismo e da Cultura, Silvana Myllena, disse que esse ser\u00e1 apenas o primeiro de muitos que ainda dever\u00e3o ser gravados no munic\u00edpio, haja vista, que o premiado cineasta paraibano, Torquato Joel, fez visita a outras \u00e1reas do munic\u00edpio e ficou impressionado com todo potencial que Cara\u00fabas tem para esse tipo de produ\u00e7\u00e3o.<\/p>\n\n\n\n<p><em>Com Seplacom<\/em><\/p>\n","protected":false},"excerpt":{"rendered":"<p>Depois de ter sido selecionado entre os mais de 60(sessenta) munic\u00edpios do Estado da Para\u00edba a fazer parte do Mapa do Turismo do Brasil, o&hellip; <\/p>\n","protected":false},"author":1,"featured_media":150313,"comment_status":"closed","ping_status":"closed","sticky":false,"template":"","format":"standard","meta":{"sfsi_plus_gutenberg_text_before_share":"","sfsi_plus_gutenberg_show_text_before_share":"","sfsi_plus_gutenberg_icon_type":"","sfsi_plus_gutenberg_icon_alignemt":"","sfsi_plus_gutenburg_max_per_row":"","footnotes":""},"categories":[6],"tags":[],"class_list":["post-150311","post","type-post","status-publish","format-standard","has-post-thumbnail","hentry","category-cidades"],"_links":{"self":[{"href":"https:\/\/www.caririemacao.com\/1\/wp-json\/wp\/v2\/posts\/150311","targetHints":{"allow":["GET"]}}],"collection":[{"href":"https:\/\/www.caririemacao.com\/1\/wp-json\/wp\/v2\/posts"}],"about":[{"href":"https:\/\/www.caririemacao.com\/1\/wp-json\/wp\/v2\/types\/post"}],"author":[{"embeddable":true,"href":"https:\/\/www.caririemacao.com\/1\/wp-json\/wp\/v2\/users\/1"}],"replies":[{"embeddable":true,"href":"https:\/\/www.caririemacao.com\/1\/wp-json\/wp\/v2\/comments?post=150311"}],"version-history":[{"count":1,"href":"https:\/\/www.caririemacao.com\/1\/wp-json\/wp\/v2\/posts\/150311\/revisions"}],"predecessor-version":[{"id":150314,"href":"https:\/\/www.caririemacao.com\/1\/wp-json\/wp\/v2\/posts\/150311\/revisions\/150314"}],"wp:featuredmedia":[{"embeddable":true,"href":"https:\/\/www.caririemacao.com\/1\/wp-json\/wp\/v2\/media\/150313"}],"wp:attachment":[{"href":"https:\/\/www.caririemacao.com\/1\/wp-json\/wp\/v2\/media?parent=150311"}],"wp:term":[{"taxonomy":"category","embeddable":true,"href":"https:\/\/www.caririemacao.com\/1\/wp-json\/wp\/v2\/categories?post=150311"},{"taxonomy":"post_tag","embeddable":true,"href":"https:\/\/www.caririemacao.com\/1\/wp-json\/wp\/v2\/tags?post=150311"}],"curies":[{"name":"wp","href":"https:\/\/api.w.org\/{rel}","templated":true}]}}