{"id":150318,"date":"2020-01-30T10:56:49","date_gmt":"2020-01-30T13:56:49","guid":{"rendered":"http:\/\/www.caririemacao.com\/1\/?p=150318"},"modified":"2020-01-30T12:23:07","modified_gmt":"2020-01-30T15:23:07","slug":"prefeitura-de-ouro-velho-realiza-mutirao-de-cirurgias-de-catarata","status":"publish","type":"post","link":"https:\/\/www.caririemacao.com\/1\/2020\/01\/30\/prefeitura-de-ouro-velho-realiza-mutirao-de-cirurgias-de-catarata\/","title":{"rendered":"Prefeitura de Ouro Velho realiza mutir\u00e3o de cirurgias de catarata"},"content":{"rendered":"\n<p>A prefeitura de Ouro Velho, por meio da secretaria de Sa\u00fade, realizou um mutir\u00e3o de cirurgias de catarata neste m\u00eas de janeiro. As 10 cirurgias foram realizadas em parceria com o Hospital Santa Filomena, da cidade de Monteiro, no cariri paraibano.<\/p>\n\n\n\n<p>A prefeita<strong>&nbsp;Nat\u00e1lia de Dr J\u00fanior<\/strong>, comentou a realiza\u00e7\u00e3o das cirurgias, e falou sobre o grande momento que vive a sa\u00fade de Ouro Velho.<\/p>\n\n\n\n<p>\u201cDepois de anos estamos resolvendo uma demanda antiga da nossa popula\u00e7\u00e3o, principalmente das pessoas mais idosas. Temos certeza que estamos cuidando da melhoria da qualidade de vida da nossa comunidade e ficamos muito felizes com esse mutir\u00e3o de cirurgia\u201d, finaliza.<\/p>\n\n\n\n<p>A secret\u00e1ria de Sa\u00fade,&nbsp;<strong>Liudmila Nunes<\/strong>, relatou sobre as causas da doen\u00e7a de catarata, e ratificou que com a realiza\u00e7\u00e3o da cirurgia, os pacientes ir\u00e3o recuperar a qualidade de vida.<\/p>\n\n\n\n<p>\u201cA catarata \u00e9 uma doen\u00e7a que causa perda parcial ou total da vis\u00e3o, podendo deixar a vista turva ou emba\u00e7ada, al\u00e9m de diminuir a vis\u00e3o noturna e causar hipersensibilidade \u00e0 luz. Com a realiza\u00e7\u00e3o da cirurgia, esses pacientes ir\u00e3o recuperar a qualidade de vida, podendo retomar os afazeres do dia a dia, que foram prejudicados pela doen\u00e7a\u201d, disse.<\/p>\n\n\n\n<p>Politica Parahyba<\/p>\n","protected":false},"excerpt":{"rendered":"<p>A prefeitura de Ouro Velho, por meio da secretaria de Sa\u00fade, realizou um mutir\u00e3o de cirurgias de catarata neste m\u00eas de janeiro. As 10 cirurgias&hellip; <\/p>\n","protected":false},"author":1,"featured_media":150323,"comment_status":"closed","ping_status":"closed","sticky":false,"template":"","format":"standard","meta":{"sfsi_plus_gutenberg_text_before_share":"","sfsi_plus_gutenberg_show_text_before_share":"","sfsi_plus_gutenberg_icon_type":"","sfsi_plus_gutenberg_icon_alignemt":"","sfsi_plus_gutenburg_max_per_row":"","footnotes":""},"categories":[6],"tags":[],"class_list":["post-150318","post","type-post","status-publish","format-standard","has-post-thumbnail","hentry","category-cidades"],"_links":{"self":[{"href":"https:\/\/www.caririemacao.com\/1\/wp-json\/wp\/v2\/posts\/150318","targetHints":{"allow":["GET"]}}],"collection":[{"href":"https:\/\/www.caririemacao.com\/1\/wp-json\/wp\/v2\/posts"}],"about":[{"href":"https:\/\/www.caririemacao.com\/1\/wp-json\/wp\/v2\/types\/post"}],"author":[{"embeddable":true,"href":"https:\/\/www.caririemacao.com\/1\/wp-json\/wp\/v2\/users\/1"}],"replies":[{"embeddable":true,"href":"https:\/\/www.caririemacao.com\/1\/wp-json\/wp\/v2\/comments?post=150318"}],"version-history":[{"count":2,"href":"https:\/\/www.caririemacao.com\/1\/wp-json\/wp\/v2\/posts\/150318\/revisions"}],"predecessor-version":[{"id":150366,"href":"https:\/\/www.caririemacao.com\/1\/wp-json\/wp\/v2\/posts\/150318\/revisions\/150366"}],"wp:featuredmedia":[{"embeddable":true,"href":"https:\/\/www.caririemacao.com\/1\/wp-json\/wp\/v2\/media\/150323"}],"wp:attachment":[{"href":"https:\/\/www.caririemacao.com\/1\/wp-json\/wp\/v2\/media?parent=150318"}],"wp:term":[{"taxonomy":"category","embeddable":true,"href":"https:\/\/www.caririemacao.com\/1\/wp-json\/wp\/v2\/categories?post=150318"},{"taxonomy":"post_tag","embeddable":true,"href":"https:\/\/www.caririemacao.com\/1\/wp-json\/wp\/v2\/tags?post=150318"}],"curies":[{"name":"wp","href":"https:\/\/api.w.org\/{rel}","templated":true}]}}