{"id":150326,"date":"2020-01-30T11:00:00","date_gmt":"2020-01-30T14:00:00","guid":{"rendered":"http:\/\/www.caririemacao.com\/1\/?p=150326"},"modified":"2020-01-30T11:00:01","modified_gmt":"2020-01-30T14:00:01","slug":"nacional-do-psb-convoca-reuniao-e-decidira-futuro-de-ricardo-coutinho","status":"publish","type":"post","link":"https:\/\/www.caririemacao.com\/1\/2020\/01\/30\/nacional-do-psb-convoca-reuniao-e-decidira-futuro-de-ricardo-coutinho\/","title":{"rendered":"Nacional do PSB convoca reuni\u00e3o e decidir\u00e1 futuro de Ricardo Coutinho"},"content":{"rendered":"\n<p>Principal alvo da Opera\u00e7\u00e3o Calv\u00e1rio, o ex-governador Ricardo Coutinho ter\u00e1 o seu futuro no PSB decidido em reuni\u00e3o da executiva nacional do partido ap\u00f3s a volta de congressistas \u00e0 Bras\u00edlia na pr\u00f3xima semana.<\/p>\n\n\n\n<p>O presidente nacional do PSB, Carlos Siqueira disse que convocar\u00e1 a c\u00fapula da sigla para discutir a situa\u00e7\u00e3o de Coutinho. O dirigente admite a necessidade de examinar o quadro e pregou cautela.<\/p>\n\n\n\n<p>\u201cQuando voltar [do recesso] vou convocar a executiva nacional e, claro, ouvir. A pauta n\u00e3o ser\u00e1 essa, mas naturalmente se falar\u00e1 sobre essa situa\u00e7\u00e3o. Tudo isso ter\u00e1 que ser vista com muita calma e responsabilidade para com o partido e, para com os acusados. N\u00e3o podemos pr\u00e9 julg\u00e1-los sem um detalhamento mais profundo da situa\u00e7\u00e3o\u201d, declarou.<\/p>\n\n\n\n<p>Preso na s\u00e9tima fase da Opera\u00e7\u00e3o Calv\u00e1rio, Ricardo Coutinho \u00e9 apontado pelo Minist\u00e9rio P\u00fablico da Para\u00edba como chefe da organiza\u00e7\u00e3o criminosa que teria desviado pelo menos R$ 134 milh\u00f5es dos cofres p\u00fablicos do estado atrav\u00e9s de contratos com organiza\u00e7\u00f5es sociais na Sa\u00fade e Educa\u00e7\u00e3o.<\/p>\n\n\n\n<p>\u201cPrecisamos estar atentos, mas ao mesmo tempo ter prud\u00eancia, digamos, observe melhor as coisas e veja se realmente \u00e9 o caso de adotar alguma provid\u00eancia, tendo seguran\u00e7a do que realmente aconteceu e, francamente, n\u00e3o tenho at\u00e9 hoje uma clareza de tudo. Leva tempo, at\u00e9 porque levaram meses para o Minist\u00e9rio P\u00fablico fazer as acusa\u00e7\u00f5es. Precisamos de tempo para examinar o quadro com responsabilidade\u201d, afirmou Carlos Siqueira.<\/p>\n\n\n\n<p>Outras lideran\u00e7as nacionais do PSB disseram que defendem o afastamento do ex-governador do partido, como forma de preservar a imagem da legenda em meio ao esc\u00e2ndalo na Para\u00edba. Coutinho \u00e9 presidente da Funda\u00e7\u00e3o Jo\u00e3o Mangabeira, do PSB. Na semana passada, o pol\u00edtico n\u00e3o compareceu ao primeiro evento da Funda\u00e7\u00e3o realizado em Palmas (TO).<\/p>\n\n\n\n<p><em>Mais PB<\/em><\/p>\n","protected":false},"excerpt":{"rendered":"<p>Principal alvo da Opera\u00e7\u00e3o Calv\u00e1rio, o ex-governador Ricardo Coutinho ter\u00e1 o seu futuro no PSB decidido em reuni\u00e3o da executiva nacional do partido ap\u00f3s a&hellip; <\/p>\n","protected":false},"author":1,"featured_media":57766,"comment_status":"closed","ping_status":"closed","sticky":false,"template":"","format":"standard","meta":{"sfsi_plus_gutenberg_text_before_share":"","sfsi_plus_gutenberg_show_text_before_share":"","sfsi_plus_gutenberg_icon_type":"","sfsi_plus_gutenberg_icon_alignemt":"","sfsi_plus_gutenburg_max_per_row":"","footnotes":""},"categories":[11],"tags":[],"class_list":["post-150326","post","type-post","status-publish","format-standard","has-post-thumbnail","hentry","category-politica"],"_links":{"self":[{"href":"https:\/\/www.caririemacao.com\/1\/wp-json\/wp\/v2\/posts\/150326","targetHints":{"allow":["GET"]}}],"collection":[{"href":"https:\/\/www.caririemacao.com\/1\/wp-json\/wp\/v2\/posts"}],"about":[{"href":"https:\/\/www.caririemacao.com\/1\/wp-json\/wp\/v2\/types\/post"}],"author":[{"embeddable":true,"href":"https:\/\/www.caririemacao.com\/1\/wp-json\/wp\/v2\/users\/1"}],"replies":[{"embeddable":true,"href":"https:\/\/www.caririemacao.com\/1\/wp-json\/wp\/v2\/comments?post=150326"}],"version-history":[{"count":1,"href":"https:\/\/www.caririemacao.com\/1\/wp-json\/wp\/v2\/posts\/150326\/revisions"}],"predecessor-version":[{"id":150329,"href":"https:\/\/www.caririemacao.com\/1\/wp-json\/wp\/v2\/posts\/150326\/revisions\/150329"}],"wp:featuredmedia":[{"embeddable":true,"href":"https:\/\/www.caririemacao.com\/1\/wp-json\/wp\/v2\/media\/57766"}],"wp:attachment":[{"href":"https:\/\/www.caririemacao.com\/1\/wp-json\/wp\/v2\/media?parent=150326"}],"wp:term":[{"taxonomy":"category","embeddable":true,"href":"https:\/\/www.caririemacao.com\/1\/wp-json\/wp\/v2\/categories?post=150326"},{"taxonomy":"post_tag","embeddable":true,"href":"https:\/\/www.caririemacao.com\/1\/wp-json\/wp\/v2\/tags?post=150326"}],"curies":[{"name":"wp","href":"https:\/\/api.w.org\/{rel}","templated":true}]}}