{"id":150341,"date":"2020-01-30T11:04:25","date_gmt":"2020-01-30T14:04:25","guid":{"rendered":"http:\/\/www.caririemacao.com\/1\/?p=150341"},"modified":"2020-01-30T11:04:26","modified_gmt":"2020-01-30T14:04:26","slug":"produtores-amparenses-comecam-a-receber-sementes","status":"publish","type":"post","link":"https:\/\/www.caririemacao.com\/1\/2020\/01\/30\/produtores-amparenses-comecam-a-receber-sementes\/","title":{"rendered":"Produtores amparenses come\u00e7am a receber sementes"},"content":{"rendered":"\n<p>O escrit\u00f3rio da EMPAER local deu in\u00edcio nesta segunda-feira (27), ao programa de distribui\u00e7\u00e3o de sementes do governo do Estado em parceria com a secretaria municipal de agricultura e abastecimento.<\/p>\n\n\n\n<p>Segundo o respons\u00e1vel t\u00e9cnico Edmilson Cabral, est\u00e3o sendo distribu\u00eddas sementes de milho, feij\u00e3o e sorgo para os produtores da agricultura familiar.<\/p>\n\n\n\n<p>Ascom<\/p>\n","protected":false},"excerpt":{"rendered":"<p>O escrit\u00f3rio da EMPAER local deu in\u00edcio nesta segunda-feira (27), ao programa de distribui\u00e7\u00e3o de sementes do governo do Estado em parceria com a secretaria&hellip; <\/p>\n","protected":false},"author":1,"featured_media":150345,"comment_status":"closed","ping_status":"closed","sticky":false,"template":"","format":"standard","meta":{"sfsi_plus_gutenberg_text_before_share":"","sfsi_plus_gutenberg_show_text_before_share":"","sfsi_plus_gutenberg_icon_type":"","sfsi_plus_gutenberg_icon_alignemt":"","sfsi_plus_gutenburg_max_per_row":"","footnotes":""},"categories":[6],"tags":[],"class_list":["post-150341","post","type-post","status-publish","format-standard","has-post-thumbnail","hentry","category-cidades"],"_links":{"self":[{"href":"https:\/\/www.caririemacao.com\/1\/wp-json\/wp\/v2\/posts\/150341","targetHints":{"allow":["GET"]}}],"collection":[{"href":"https:\/\/www.caririemacao.com\/1\/wp-json\/wp\/v2\/posts"}],"about":[{"href":"https:\/\/www.caririemacao.com\/1\/wp-json\/wp\/v2\/types\/post"}],"author":[{"embeddable":true,"href":"https:\/\/www.caririemacao.com\/1\/wp-json\/wp\/v2\/users\/1"}],"replies":[{"embeddable":true,"href":"https:\/\/www.caririemacao.com\/1\/wp-json\/wp\/v2\/comments?post=150341"}],"version-history":[{"count":1,"href":"https:\/\/www.caririemacao.com\/1\/wp-json\/wp\/v2\/posts\/150341\/revisions"}],"predecessor-version":[{"id":150346,"href":"https:\/\/www.caririemacao.com\/1\/wp-json\/wp\/v2\/posts\/150341\/revisions\/150346"}],"wp:featuredmedia":[{"embeddable":true,"href":"https:\/\/www.caririemacao.com\/1\/wp-json\/wp\/v2\/media\/150345"}],"wp:attachment":[{"href":"https:\/\/www.caririemacao.com\/1\/wp-json\/wp\/v2\/media?parent=150341"}],"wp:term":[{"taxonomy":"category","embeddable":true,"href":"https:\/\/www.caririemacao.com\/1\/wp-json\/wp\/v2\/categories?post=150341"},{"taxonomy":"post_tag","embeddable":true,"href":"https:\/\/www.caririemacao.com\/1\/wp-json\/wp\/v2\/tags?post=150341"}],"curies":[{"name":"wp","href":"https:\/\/api.w.org\/{rel}","templated":true}]}}