{"id":150377,"date":"2020-01-30T12:51:39","date_gmt":"2020-01-30T15:51:39","guid":{"rendered":"http:\/\/www.caririemacao.com\/1\/?p=150377"},"modified":"2020-01-30T12:51:41","modified_gmt":"2020-01-30T15:51:41","slug":"ufcg-inicia-segunda-feira-o-cadastramento-dos-classificados-na-chamada-regular-do-sisu","status":"publish","type":"post","link":"https:\/\/www.caririemacao.com\/1\/2020\/01\/30\/ufcg-inicia-segunda-feira-o-cadastramento-dos-classificados-na-chamada-regular-do-sisu\/","title":{"rendered":"UFCG inicia segunda-feira o cadastramento dos classificados na Chamada Regular do SiSU"},"content":{"rendered":"\n<p> Ser\u00e1 realizado nos pr\u00f3ximos dias 3 e 4 de fevereiro, segunda e ter\u00e7a-feira, o cadastramento (registro acad\u00eamico) dos candidatos classificados na Chamada Regular do Sistema de Sele\u00e7\u00e3o Unificado (SiSU) 2020.1 para os cursos da Universidade Federal de Campina Grande (UFCG). O procedimento deve ser realizado na coordena\u00e7\u00e3o do curso para o qual o candidato foi classificado, das 8h \u00e0s 11h e das 14h \u00e0s 17h.<\/p>\n\n\n\n<p>A UFCG est\u00e1 oferecendo 3.160 vagas, sendo 1.568 vagas de ampla concorr\u00eancia e 1.592 reservadas pela lei de cotas, distribu\u00eddas em 76 cursos de gradua\u00e7\u00e3o em sete campi: Campina Grande, Cajazeiras, Cuit\u00e9, Patos, Pombal, Sousa e Sum\u00e9.<\/p>\n\n\n\n<p><strong>Cadastramento e matr\u00edcula<\/strong><\/p>\n\n\n\n<p>Na terminologia oficial da UFCG, cadastramento e matr\u00edcula s\u00e3o procedimentos diferentes. O cadastramento (registro acad\u00eamico) \u00e9 o procedimento por meio do qual o candidato classificado se torna aluno da UFCG. J\u00e1 a matr\u00edcula, \u00e9 o procedimento por meio do qual o aluno define as disciplinas que ir\u00e1 cursar em cada per\u00edodo letivo. Os dois procedimentos s\u00e3o obrigat\u00f3rios para garantir a vaga na UFCG.<\/p>\n\n\n\n<p>A matr\u00edcula em disciplinas dos alunos ingressantes dever\u00e1 ser realizada no dia 2 de mar\u00e7o, tamb\u00e9m na coordena\u00e7\u00e3o do curso para o qual foi selecionado. As aulas do per\u00edodo 2020.1 ter\u00e3o in\u00edcio no dia 9 de mar\u00e7o.<\/p>\n\n\n\n<p><strong>Lista de espera<\/strong><\/p>\n\n\n\n<p>Os candidatos n\u00e3o classificados na Chamada Regular e que desejam participar da lista de espera devem manifestar o interesse no site do SiSU at\u00e9 o dia 4 de fevereiro. Est\u00e3o previstas at\u00e9 quatro chamadas para os inscritos na lista de espera em cursos da UFCG, conforme a exist\u00eancia de vagas. Cada uma delas respeitar\u00e1 a classifica\u00e7\u00e3o para vagas de ampla concorr\u00eancia e as reservadas para cotas. A primeira chamada dever\u00e1 ser divulgada no dia 7 de fevereiro. As demais est\u00e3o previstas para os dias 13\/02, 19\/02, 22\/02 e 04\/03), de acordo com disponibilidade de vagas.<\/p>\n\n\n\n<p><strong>Valida\u00e7\u00e3o de Autodeclara\u00e7\u00e3o<\/strong><\/p>\n\n\n\n<p>Ap\u00f3s cada chamada, os candidatos \u00e0s modalidades de cotas para Pretos, Pardos e Ind\u00edgenas (PPIs), bem como Pessoas com Defici\u00eancia (PcD), devem realizar a Valida\u00e7\u00e3o de Autodeclara\u00e7\u00e3o nas datas estabelecidas no edital.<\/p>\n\n\n\n<p>Os classificados em cursos de gradua\u00e7\u00e3o nos campi Campina Grande (que tem como centros de Ensino o CH, CCT, CTRN, CEEI e CCBS), Cuit\u00e9 (CES) e Sum\u00e9 (CDSA) devem se apresentar no Bloco BG, no campus Campina Grande, para avalia\u00e7\u00e3o pelas respectivas comiss\u00f5es. J\u00e1 os classificados para vagas nos campi Patos (CTRN), Pombal (CCTA), Sousa (CCJS) e Cajazeiras (CFP) devem se apresentar no campus Cajazeiras para o procedimento. A valida\u00e7\u00e3o acontecer\u00e1 das 8h \u00e0s 11h e de 14h \u00e0s 16h.<\/p>\n\n\n\n<p>Aqueles que se autodeclararem Pretos ou Pardos ser\u00e3o avaliados com base exclusivamente no fen\u00f3tipo (conjunto de caracter\u00edsticas f\u00edsicas do indiv\u00edduo, predominantemente a cor da pele, a textura do cabelo e os aspectos faciais, que, combinados ou n\u00e3o, permitir\u00e3o validar ou invalidar a autodeclara\u00e7\u00e3o). J\u00e1 os autodeclarados ind\u00edgenas dever\u00e3o apresentar o Registro Administrativo de Nascimento de Ind\u00edgena (RANI), oficialmente emitido pela Funda\u00e7\u00e3o Nacional do \u00cdndio (FUNAI).<\/p>\n\n\n\n<p>Os candidatos \u00e0s vagas de Pessoas com Defici\u00eancia (PcD) passar\u00e3o por an\u00e1lise documental, de acordo com o cronograma de valida\u00e7\u00e3o previsto em edital. Aqueles com defici\u00eancia que se autodeclararam pretos ou pardos dever\u00e3o se apresentar tamb\u00e9m \u00e0 Comiss\u00e3o de Valida\u00e7\u00e3o da Autodeclara\u00e7\u00e3o.<\/p>\n\n\n\n<p>Caso o procedimento de valida\u00e7\u00e3o n\u00e3o seja homologado, o candidato poder\u00e1 interpor recurso, no prazo definido no edital.<\/p>\n\n\n\n<p>Veja no edital todos os procedimentos, a documenta\u00e7\u00e3o necess\u00e1ria e o calend\u00e1rio das atividades.<\/p>\n","protected":false},"excerpt":{"rendered":"<p>Ser\u00e1 realizado nos pr\u00f3ximos dias 3 e 4 de fevereiro, segunda e ter\u00e7a-feira, o cadastramento (registro acad\u00eamico) dos candidatos classificados na Chamada Regular do Sistema&hellip; <\/p>\n","protected":false},"author":1,"featured_media":109537,"comment_status":"closed","ping_status":"closed","sticky":false,"template":"","format":"standard","meta":{"sfsi_plus_gutenberg_text_before_share":"","sfsi_plus_gutenberg_show_text_before_share":"","sfsi_plus_gutenberg_icon_type":"","sfsi_plus_gutenberg_icon_alignemt":"","sfsi_plus_gutenburg_max_per_row":"","footnotes":""},"categories":[14],"tags":[],"class_list":["post-150377","post","type-post","status-publish","format-standard","has-post-thumbnail","hentry","category-educacao"],"_links":{"self":[{"href":"https:\/\/www.caririemacao.com\/1\/wp-json\/wp\/v2\/posts\/150377","targetHints":{"allow":["GET"]}}],"collection":[{"href":"https:\/\/www.caririemacao.com\/1\/wp-json\/wp\/v2\/posts"}],"about":[{"href":"https:\/\/www.caririemacao.com\/1\/wp-json\/wp\/v2\/types\/post"}],"author":[{"embeddable":true,"href":"https:\/\/www.caririemacao.com\/1\/wp-json\/wp\/v2\/users\/1"}],"replies":[{"embeddable":true,"href":"https:\/\/www.caririemacao.com\/1\/wp-json\/wp\/v2\/comments?post=150377"}],"version-history":[{"count":1,"href":"https:\/\/www.caririemacao.com\/1\/wp-json\/wp\/v2\/posts\/150377\/revisions"}],"predecessor-version":[{"id":150378,"href":"https:\/\/www.caririemacao.com\/1\/wp-json\/wp\/v2\/posts\/150377\/revisions\/150378"}],"wp:featuredmedia":[{"embeddable":true,"href":"https:\/\/www.caririemacao.com\/1\/wp-json\/wp\/v2\/media\/109537"}],"wp:attachment":[{"href":"https:\/\/www.caririemacao.com\/1\/wp-json\/wp\/v2\/media?parent=150377"}],"wp:term":[{"taxonomy":"category","embeddable":true,"href":"https:\/\/www.caririemacao.com\/1\/wp-json\/wp\/v2\/categories?post=150377"},{"taxonomy":"post_tag","embeddable":true,"href":"https:\/\/www.caririemacao.com\/1\/wp-json\/wp\/v2\/tags?post=150377"}],"curies":[{"name":"wp","href":"https:\/\/api.w.org\/{rel}","templated":true}]}}