{"id":150386,"date":"2020-01-30T12:56:58","date_gmt":"2020-01-30T15:56:58","guid":{"rendered":"http:\/\/www.caririemacao.com\/1\/?p=150386"},"modified":"2020-01-30T12:56:59","modified_gmt":"2020-01-30T15:56:59","slug":"eduardo-bolsonaro-confirma-vinda-a-paraiba-em-fevereiro","status":"publish","type":"post","link":"https:\/\/www.caririemacao.com\/1\/2020\/01\/30\/eduardo-bolsonaro-confirma-vinda-a-paraiba-em-fevereiro\/","title":{"rendered":"Eduardo Bolsonaro confirma vinda \u00e0 Para\u00edba em fevereiro"},"content":{"rendered":"\n<p>O deputado federal Eduardo Bolsonaro (PSL) confirmou em um v\u00eddeo nas suas redes sociais sua vinda \u00e0 Para\u00edba, no m\u00eas de fevereiro. No v\u00eddeo postado, o deputado anunciou que pretende dar um &#8220;giro pelo Brasil&#8221;, come\u00e7ando por Salvador, depois Rio Grande do Norte e Para\u00edba.&nbsp;<\/p>\n\n\n\n<p>Al\u00e9m disso, Eduardo afirmou que n\u00e3o tem aspira\u00e7\u00e3o para ser presidente de nenhuma comiss\u00e3o na C\u00e2mara.&nbsp;<\/p>\n\n\n\n<p>&#8220;Vou ter mais tempo para retornar atividades no Congresso, planejando novidades nas redes sociais. N\u00e3o somos nada sem nossos apoiadores, internautas&#8221;, diz o deputado.&nbsp;<\/p>\n\n\n\n<p>Para finalizar, Eduardo agradeceu o apoio dos apoiadores.&nbsp;<\/p>\n","protected":false},"excerpt":{"rendered":"<p>O deputado federal Eduardo Bolsonaro (PSL) confirmou em um v\u00eddeo nas suas redes sociais sua vinda \u00e0 Para\u00edba, no m\u00eas de fevereiro. No v\u00eddeo postado,&hellip; <\/p>\n","protected":false},"author":1,"featured_media":150387,"comment_status":"closed","ping_status":"closed","sticky":false,"template":"","format":"standard","meta":{"sfsi_plus_gutenberg_text_before_share":"","sfsi_plus_gutenberg_show_text_before_share":"","sfsi_plus_gutenberg_icon_type":"","sfsi_plus_gutenberg_icon_alignemt":"","sfsi_plus_gutenburg_max_per_row":"","footnotes":""},"categories":[11],"tags":[],"class_list":["post-150386","post","type-post","status-publish","format-standard","has-post-thumbnail","hentry","category-politica"],"_links":{"self":[{"href":"https:\/\/www.caririemacao.com\/1\/wp-json\/wp\/v2\/posts\/150386","targetHints":{"allow":["GET"]}}],"collection":[{"href":"https:\/\/www.caririemacao.com\/1\/wp-json\/wp\/v2\/posts"}],"about":[{"href":"https:\/\/www.caririemacao.com\/1\/wp-json\/wp\/v2\/types\/post"}],"author":[{"embeddable":true,"href":"https:\/\/www.caririemacao.com\/1\/wp-json\/wp\/v2\/users\/1"}],"replies":[{"embeddable":true,"href":"https:\/\/www.caririemacao.com\/1\/wp-json\/wp\/v2\/comments?post=150386"}],"version-history":[{"count":1,"href":"https:\/\/www.caririemacao.com\/1\/wp-json\/wp\/v2\/posts\/150386\/revisions"}],"predecessor-version":[{"id":150388,"href":"https:\/\/www.caririemacao.com\/1\/wp-json\/wp\/v2\/posts\/150386\/revisions\/150388"}],"wp:featuredmedia":[{"embeddable":true,"href":"https:\/\/www.caririemacao.com\/1\/wp-json\/wp\/v2\/media\/150387"}],"wp:attachment":[{"href":"https:\/\/www.caririemacao.com\/1\/wp-json\/wp\/v2\/media?parent=150386"}],"wp:term":[{"taxonomy":"category","embeddable":true,"href":"https:\/\/www.caririemacao.com\/1\/wp-json\/wp\/v2\/categories?post=150386"},{"taxonomy":"post_tag","embeddable":true,"href":"https:\/\/www.caririemacao.com\/1\/wp-json\/wp\/v2\/tags?post=150386"}],"curies":[{"name":"wp","href":"https:\/\/api.w.org\/{rel}","templated":true}]}}