{"id":150390,"date":"2020-01-30T13:01:11","date_gmt":"2020-01-30T16:01:11","guid":{"rendered":"http:\/\/www.caririemacao.com\/1\/?p=150390"},"modified":"2020-01-30T13:01:13","modified_gmt":"2020-01-30T16:01:13","slug":"policia-federal-deflagra-operacao-epagoge-e-cumpre-22-mandados-em-tres-estados","status":"publish","type":"post","link":"https:\/\/www.caririemacao.com\/1\/2020\/01\/30\/policia-federal-deflagra-operacao-epagoge-e-cumpre-22-mandados-em-tres-estados\/","title":{"rendered":"Pol\u00edcia Federal deflagra opera\u00e7\u00e3o Epagoge e cumpre 22 mandados em tr\u00eas Estados"},"content":{"rendered":"\n<p> A Pol\u00edcia Federal (PF) em coopera\u00e7\u00e3o com o Minist\u00e9rio P\u00fablico Federal (MPF) e Controladoria Geral da Uni\u00e3o (CGU) desencadeou, na manh\u00e3 desta quinta-feira (30) a Opera\u00e7\u00e3o Epagoge* para desarticular organiza\u00e7\u00e3o criminosa suspeita de fraudar licita\u00e7\u00f5es.<\/p>\n\n\n\n<p>Cerca de 75 policiais federais e 6 auditores da CGU cumprem 22 mandados de busca e apreens\u00e3o nas cidades de Curitiba\/PR, Piraquara\/PR, Guaratuba\/PR, Balne\u00e1rio Cambori\u00fa (SC) e S\u00e3o Paulo\/SP.&nbsp;<\/p>\n\n\n\n<p>A investiga\u00e7\u00e3o teve in\u00edcio em 2015 a partir da suspeita de que empresas de um mesmo grupo estariam atuando mediante ajuste, prejudicando a concorr\u00eancia em licita\u00e7\u00f5es promovidas pelo Poder P\u00fablico, principalmente para a compra de eletr\u00f4nicos.&nbsp;<\/p>\n\n\n\n<p>No inqu\u00e9rito policial identificou-se que algumas das pessoas jur\u00eddicas funcionavam no mesmo endere\u00e7o e pertenciam aos mesmos propriet\u00e1rios, a indicar que empresas fict\u00edcias atuavam candidatando-se simultaneamente no mesmo certame, a fim de viabilizar que uma delas se sagrasse vencedora, com possibilidade de manipular os pre\u00e7os.&nbsp;<\/p>\n\n\n\n<p>Segundo dados da CGU, entre 2010 e 2019, as empresas participantes do grupo firmaram contratos com o Poder P\u00fablico em valores que ultrapassaram 60 milh\u00f5es de reais.<\/p>\n\n\n\n<p>*Epagoge \u2013 em grego \u00e9 indu\u00e7\u00e3o. Induzir o pensamento de algu\u00e9m.<\/p>\n","protected":false},"excerpt":{"rendered":"<p>A Pol\u00edcia Federal (PF) em coopera\u00e7\u00e3o com o Minist\u00e9rio P\u00fablico Federal (MPF) e Controladoria Geral da Uni\u00e3o (CGU) desencadeou, na manh\u00e3 desta quinta-feira (30) a&hellip; <\/p>\n","protected":false},"author":1,"featured_media":144943,"comment_status":"closed","ping_status":"closed","sticky":false,"template":"","format":"standard","meta":{"sfsi_plus_gutenberg_text_before_share":"","sfsi_plus_gutenberg_show_text_before_share":"","sfsi_plus_gutenberg_icon_type":"","sfsi_plus_gutenberg_icon_alignemt":"","sfsi_plus_gutenburg_max_per_row":"","footnotes":""},"categories":[12],"tags":[],"class_list":["post-150390","post","type-post","status-publish","format-standard","has-post-thumbnail","hentry","category-policia"],"_links":{"self":[{"href":"https:\/\/www.caririemacao.com\/1\/wp-json\/wp\/v2\/posts\/150390","targetHints":{"allow":["GET"]}}],"collection":[{"href":"https:\/\/www.caririemacao.com\/1\/wp-json\/wp\/v2\/posts"}],"about":[{"href":"https:\/\/www.caririemacao.com\/1\/wp-json\/wp\/v2\/types\/post"}],"author":[{"embeddable":true,"href":"https:\/\/www.caririemacao.com\/1\/wp-json\/wp\/v2\/users\/1"}],"replies":[{"embeddable":true,"href":"https:\/\/www.caririemacao.com\/1\/wp-json\/wp\/v2\/comments?post=150390"}],"version-history":[{"count":1,"href":"https:\/\/www.caririemacao.com\/1\/wp-json\/wp\/v2\/posts\/150390\/revisions"}],"predecessor-version":[{"id":150392,"href":"https:\/\/www.caririemacao.com\/1\/wp-json\/wp\/v2\/posts\/150390\/revisions\/150392"}],"wp:featuredmedia":[{"embeddable":true,"href":"https:\/\/www.caririemacao.com\/1\/wp-json\/wp\/v2\/media\/144943"}],"wp:attachment":[{"href":"https:\/\/www.caririemacao.com\/1\/wp-json\/wp\/v2\/media?parent=150390"}],"wp:term":[{"taxonomy":"category","embeddable":true,"href":"https:\/\/www.caririemacao.com\/1\/wp-json\/wp\/v2\/categories?post=150390"},{"taxonomy":"post_tag","embeddable":true,"href":"https:\/\/www.caririemacao.com\/1\/wp-json\/wp\/v2\/tags?post=150390"}],"curies":[{"name":"wp","href":"https:\/\/api.w.org\/{rel}","templated":true}]}}