{"id":150394,"date":"2020-01-30T13:06:43","date_gmt":"2020-01-30T16:06:43","guid":{"rendered":"http:\/\/www.caririemacao.com\/1\/?p=150394"},"modified":"2020-01-30T13:06:45","modified_gmt":"2020-01-30T16:06:45","slug":"desfile-da-colecao-somostodosparaiba-e-sucesso-e-potencializa-trabalho-das-rendeiras-do-cariri-gestores-da-regiao-participaram-de-lancamento","status":"publish","type":"post","link":"https:\/\/www.caririemacao.com\/1\/2020\/01\/30\/desfile-da-colecao-somostodosparaiba-e-sucesso-e-potencializa-trabalho-das-rendeiras-do-cariri-gestores-da-regiao-participaram-de-lancamento\/","title":{"rendered":"Desfile da cole\u00e7\u00e3o #SomosTODOSPara\u00edba \u00e9 sucesso e potencializa trabalho das rendeiras do Cariri; gestores da regi\u00e3o participaram de lan\u00e7amento"},"content":{"rendered":"\n<p>Os tra\u00e7os marcantes, a delicadeza da renda renascen\u00e7a e o colorido da arte se misturaram na passarela e encantaram o p\u00fablico que acompanhou, na noite dessa quarta-feira (29), o desfile da cole\u00e7\u00e3o #SomosTODOSPara\u00edba, resultado de oficinas ministradas pelo estilista Ronaldo Fraga a rendeiras do Cariri paraibano no ano passado. O evento realizado no Espa\u00e7o Cultural Jos\u00e9 Lins do Rego, em Jo\u00e3o Pessoa, dentro da programa\u00e7\u00e3o do 31\u00b0 Sal\u00e3o do Artesanato da Para\u00edba, foi prestigiado pelo governador Jo\u00e3o Azev\u00eado e pela primeira-dama e presidente de honra do Programa do Artesanato da Para\u00edba (PAP), Ana Maria Lins. Na ocasi\u00e3o, tamb\u00e9m aconteceu a assinatura do protocolo de inten\u00e7\u00f5es para a instala\u00e7\u00e3o do Centro de Refer\u00eancia do Artesanato do Cariri, com sede no munic\u00edpio de Monteiro.<\/p>\n\n\n\n<div class=\"wp-block-image\"><figure class=\"alignright\"><img decoding=\"async\" data-src=\"http:\/\/deolhonocariri.com.br\/wp-content\/uploads\/2020\/01\/83641184_182787902942833_8808868630063218688_n.jpg\" alt=\"\" class=\"wp-image-77209 lazyload\" src=\"data:image\/svg+xml;base64,PHN2ZyB3aWR0aD0iMSIgaGVpZ2h0PSIxIiB4bWxucz0iaHR0cDovL3d3dy53My5vcmcvMjAwMC9zdmciPjwvc3ZnPg==\" \/><\/figure><\/div>\n\n\n\n<p>Ao todo, 25 modelos paraibanas apresentaram os 40 looks confeccionados por 35 rendeiras dos munic\u00edpios de S\u00e3o Sebasti\u00e3o do Umbuzeiro, Zabel\u00ea, Monteiro, Camala\u00fa e S\u00e3o Jo\u00e3o do Tigre, todos inspirados na obra do artista pl\u00e1stico Fl\u00e1vio Tavares. A trilha sonora do evento ficou sob a responsabilidade da cantora Sandra Bel\u00ea, que tem forte liga\u00e7\u00e3o com a renda renascen\u00e7a por ser filha de rendeira.<\/p>\n\n\n\n<p>Na ocasi\u00e3o, o governador Jo\u00e3o Azev\u00eado comemorou o sucesso do evento e ressaltou o esfor\u00e7o do Governo do Estado para garantir a qualifica\u00e7\u00e3o da produ\u00e7\u00e3o das rendeiras paraibanas. \u201c\u00c9 uma satisfa\u00e7\u00e3o muito grande real\u00e7ar o que j\u00e1 existe na Para\u00edba, que \u00e9 a beleza da renda renascen\u00e7a e os trabalhos das rendeiras do Cariri, juntando a genialidade de Ronaldo Fraga e o tra\u00e7o fant\u00e1stico de Fl\u00e1vio Tavares, que emocionaram a todos que acompanharam o desfile, permitindo que a renda renascen\u00e7a do nosso Estado seja reconhecida nacionalmente\u201d, frisou.<\/p>\n\n\n\n<p>Ele tamb\u00e9m destacou as a\u00e7\u00f5es da gest\u00e3o estadual para potencializar o aspecto econ\u00f4mico do artesanato paraibano. \u201cO Sal\u00e3o do Artesanato de Jo\u00e3o Pessoa j\u00e1 bateu todos os recordes de vendas e a gente sabe que esses investimentos permitem o crescimento do nosso artesanato, gerando emprego e renda. O espa\u00e7o de vendas que ser\u00e1 aberto em Monteiro, em parceria com a prefeitura, por exemplo, agrega um conjunto de valores importantes para o segmento\u201d, acrescentou.<\/p>\n\n\n\n<p>A primeira-dama Ana Maria Lins afirmou que o evento representa o fortalecimento da cultura paraibana aliada ao desenvolvimento de um segmento que integra a base da economia. \u201cEssa \u00e9 uma a\u00e7\u00e3o que valoriza a produ\u00e7\u00e3o local e o Governo do Estado conseguiu a colabora\u00e7\u00e3o do estilista Ronaldo Fraga para fazer uma oficina com as rendeiras do Cariri e esse desfile, que tamb\u00e9m teve os tra\u00e7os do artista pl\u00e1stico Fl\u00e1vio Tavares, d\u00e1 um novo incremento e profissionalismo ao nosso artesanato\u201d, disse.<\/p>\n\n\n\n<div class=\"wp-block-image\"><figure class=\"aligncenter\"><img decoding=\"async\" data-src=\"http:\/\/deolhonocariri.com.br\/wp-content\/uploads\/2020\/01\/WhatsApp-Image-2020-01-29-at-23.24.00-740x414.jpeg\" alt=\"\" class=\"wp-image-77211 lazyload\" src=\"data:image\/svg+xml;base64,PHN2ZyB3aWR0aD0iMSIgaGVpZ2h0PSIxIiB4bWxucz0iaHR0cDovL3d3dy53My5vcmcvMjAwMC9zdmciPjwvc3ZnPg==\" style=\"--smush-placeholder-width: 740px; --smush-placeholder-aspect-ratio: 740\/414;\" \/><\/figure><\/div>\n\n\n\n<p><br>Prefeitos do Cariri estiveram prestigiando o lan\u00e7amento da cole\u00e7\u00e3o que \u00e9 fruto do trabalho de caririzeiras e que potencializa a economia da regi\u00e3o. Estiveram ao lado do governador, a prefeita de Monteiro, Anna Lorena, prefeito de Cara\u00fabas Silvano Dudu, prefeito de Cabaceiras Tiago Castro, prefeito de S\u00e3o Jos\u00e9 dos Cordeiros Jefferson Roberto, prefeito de S\u00e3o Sebasti\u00e3o do Umbuzeiro Adriano Wolff, e Aristeu Chaves, gestor do PROCASE.<\/p>\n\n\n\n<p>A prefeita de Monteiro, Anna Lorena, falou das expectativas para o funcionamento do Centro de Refer\u00eancia do Artesanato do Cariri. \u201c\u00c9 uma a\u00e7\u00e3o que fomenta a cultura e valoriza o artesanato da nossa cidade e da regi\u00e3o, impulsionando a economia local, ampliando a cadeia de emprego e aumentando a renda da popula\u00e7\u00e3o\u201d, disse.<\/p>\n\n\n\n<p>As oficinas ministradas por Ronaldo Fraga fazem parte de um conjunto de a\u00e7\u00f5es do Governo do Estado para fortalecer a comercializa\u00e7\u00e3o da renda renascen\u00e7a, s\u00edmbolo da regi\u00e3o do Cariri.<\/p>\n\n\n\n<div class=\"wp-block-image\"><figure class=\"aligncenter\"><img decoding=\"async\" data-src=\"http:\/\/deolhonocariri.com.br\/wp-content\/uploads\/2020\/01\/83604996_1236335209910998_2843442579595329536_n.jpg\" alt=\"\" class=\"wp-image-77208 lazyload\" src=\"data:image\/svg+xml;base64,PHN2ZyB3aWR0aD0iMSIgaGVpZ2h0PSIxIiB4bWxucz0iaHR0cDovL3d3dy53My5vcmcvMjAwMC9zdmciPjwvc3ZnPg==\" \/><\/figure><\/div>\n\n\n\n<p><br>O estilista Ronaldo Fraga falou da satisfa\u00e7\u00e3o de desenvolver um trabalho na Para\u00edba. \u201cN\u00f3s vimos mais um tra\u00e7o da manifesta\u00e7\u00e3o da cultura brasileira, de um Brasil feito \u00e0 m\u00e3o, da m\u00fasica paraibana, da moda, do saber e fazer tradicional e \u00e9 nesse lugar que o Brasil vai fazer uma revolu\u00e7\u00e3o. A cultura \u00e9 muito mais que educa\u00e7\u00e3o e gera\u00e7\u00e3o de emprego e renda porque ela apropria e orgulha quem a faz. Eu costumo dizer que o am\u00e1lgama da cultura brasileira \u00e9 o Nordeste e o am\u00e1lgama da cultura brasileira no Nordeste \u00e9 a Para\u00edba\u201d, comentou.<\/p>\n\n\n\n<p>O artista pl\u00e1stico Fl\u00e1vio Tavares destacou a import\u00e2ncia do evento e a satisfa\u00e7\u00e3o de fazer parte da hist\u00f3ria da cole\u00e7\u00e3o #SomosTODOSPara\u00edba. \u201cUm nome como Ronaldo Fraga abre as portas para o mundo, \u00e9 um homem de uma capacidade estupenda, que pegou a influ\u00eancia dos meus desenhos e transformou, juntamente com as m\u00e3os de fadas das rendeiras do Cariri. Eu n\u00e3o esperava nunca que minha obra terminasse servindo de inspira\u00e7\u00e3o para ele e me sinto como se j\u00e1 fosse a comemora\u00e7\u00e3o do meu anivers\u00e1rio, j\u00e1 que fa\u00e7o 70 anos no pr\u00f3ximo m\u00eas\u201d, relatou.<\/p>\n\n\n\n<p>A rendeira Ant\u00f4nia Maria, do munic\u00edpio de S\u00e3o Jo\u00e3o do Tigre, n\u00e3o escondeu a alegria de participar de um trabalho desafiador. \u201cFoi muito prazeroso porque essa cole\u00e7\u00e3o traz uma beleza para a renda renascen\u00e7a. \u00c9 um momento que nos surpreendeu por mais que a gente tivesse idealizado. Essa cole\u00e7\u00e3o nos d\u00e1 entusiasmo para continuar com esses desafios e viver essa noite que foi inesquec\u00edvel\u201d, disse a rendeira.<\/p>\n\n\n\n<p><strong>De Olho no Cariri<\/strong><\/p>\n","protected":false},"excerpt":{"rendered":"<p>Os tra\u00e7os marcantes, a delicadeza da renda renascen\u00e7a e o colorido da arte se misturaram na passarela e encantaram o p\u00fablico que acompanhou, na noite&hellip; <\/p>\n","protected":false},"author":1,"featured_media":150395,"comment_status":"closed","ping_status":"closed","sticky":false,"template":"","format":"standard","meta":{"sfsi_plus_gutenberg_text_before_share":"","sfsi_plus_gutenberg_show_text_before_share":"","sfsi_plus_gutenberg_icon_type":"","sfsi_plus_gutenberg_icon_alignemt":"","sfsi_plus_gutenburg_max_per_row":"","footnotes":""},"categories":[2],"tags":[],"class_list":["post-150394","post","type-post","status-publish","format-standard","has-post-thumbnail","hentry","category-geral"],"_links":{"self":[{"href":"https:\/\/www.caririemacao.com\/1\/wp-json\/wp\/v2\/posts\/150394","targetHints":{"allow":["GET"]}}],"collection":[{"href":"https:\/\/www.caririemacao.com\/1\/wp-json\/wp\/v2\/posts"}],"about":[{"href":"https:\/\/www.caririemacao.com\/1\/wp-json\/wp\/v2\/types\/post"}],"author":[{"embeddable":true,"href":"https:\/\/www.caririemacao.com\/1\/wp-json\/wp\/v2\/users\/1"}],"replies":[{"embeddable":true,"href":"https:\/\/www.caririemacao.com\/1\/wp-json\/wp\/v2\/comments?post=150394"}],"version-history":[{"count":1,"href":"https:\/\/www.caririemacao.com\/1\/wp-json\/wp\/v2\/posts\/150394\/revisions"}],"predecessor-version":[{"id":150396,"href":"https:\/\/www.caririemacao.com\/1\/wp-json\/wp\/v2\/posts\/150394\/revisions\/150396"}],"wp:featuredmedia":[{"embeddable":true,"href":"https:\/\/www.caririemacao.com\/1\/wp-json\/wp\/v2\/media\/150395"}],"wp:attachment":[{"href":"https:\/\/www.caririemacao.com\/1\/wp-json\/wp\/v2\/media?parent=150394"}],"wp:term":[{"taxonomy":"category","embeddable":true,"href":"https:\/\/www.caririemacao.com\/1\/wp-json\/wp\/v2\/categories?post=150394"},{"taxonomy":"post_tag","embeddable":true,"href":"https:\/\/www.caririemacao.com\/1\/wp-json\/wp\/v2\/tags?post=150394"}],"curies":[{"name":"wp","href":"https:\/\/api.w.org\/{rel}","templated":true}]}}