{"id":150399,"date":"2020-01-30T13:34:16","date_gmt":"2020-01-30T16:34:16","guid":{"rendered":"http:\/\/www.caririemacao.com\/1\/?p=150399"},"modified":"2020-01-30T13:34:18","modified_gmt":"2020-01-30T16:34:18","slug":"prefeito-da-cidade-de-sume-solicita-convenio-para-o-transporte-escolar-e-anuncia-entrega-de-onibus-escolares","status":"publish","type":"post","link":"https:\/\/www.caririemacao.com\/1\/2020\/01\/30\/prefeito-da-cidade-de-sume-solicita-convenio-para-o-transporte-escolar-e-anuncia-entrega-de-onibus-escolares\/","title":{"rendered":"Prefeito da cidade de Sum\u00e9 solicita conv\u00eanio para o transporte escolar e anuncia entrega de \u00f4nibus escolares"},"content":{"rendered":"\n<p><br>Nessa quinta-feira(30), o prefeito de Sum\u00e9, \u00c9den Duarte, solicitou ao Governo do Estado que seja firmado um conv\u00eanio para o transporte escolar deste ano. <br> <\/p>\n\n\n\n<p>Ele ainda, na rede social, anunciou que em breve estar\u00e1 entregando mais 3 novos \u00f4nibus escolares para atender os alunos da Rede Municipal de Ensino, atrav\u00e9s de recursos oriundos de parcerias com o senador Veneziano, dep. federal Welington Roberto e dep. estadual, Branco Mendes.<\/p>\n\n\n\n<p><\/p>\n\n\n\n<p><\/p>\n\n\n\n<p><\/p>\n\n\n","protected":false},"excerpt":{"rendered":"<p>Nessa quinta-feira(30), o prefeito de Sum\u00e9, \u00c9den Duarte, solicitou ao Governo do Estado que seja firmado um conv\u00eanio para o transporte escolar deste ano. Ele&hellip; <\/p>\n","protected":false},"author":2,"featured_media":135301,"comment_status":"closed","ping_status":"closed","sticky":false,"template":"","format":"standard","meta":{"sfsi_plus_gutenberg_text_before_share":"","sfsi_plus_gutenberg_show_text_before_share":"","sfsi_plus_gutenberg_icon_type":"","sfsi_plus_gutenberg_icon_alignemt":"","sfsi_plus_gutenburg_max_per_row":"","footnotes":""},"categories":[50,11],"tags":[],"class_list":["post-150399","post","type-post","status-publish","format-standard","has-post-thumbnail","hentry","category-destaque","category-politica"],"_links":{"self":[{"href":"https:\/\/www.caririemacao.com\/1\/wp-json\/wp\/v2\/posts\/150399","targetHints":{"allow":["GET"]}}],"collection":[{"href":"https:\/\/www.caririemacao.com\/1\/wp-json\/wp\/v2\/posts"}],"about":[{"href":"https:\/\/www.caririemacao.com\/1\/wp-json\/wp\/v2\/types\/post"}],"author":[{"embeddable":true,"href":"https:\/\/www.caririemacao.com\/1\/wp-json\/wp\/v2\/users\/2"}],"replies":[{"embeddable":true,"href":"https:\/\/www.caririemacao.com\/1\/wp-json\/wp\/v2\/comments?post=150399"}],"version-history":[{"count":1,"href":"https:\/\/www.caririemacao.com\/1\/wp-json\/wp\/v2\/posts\/150399\/revisions"}],"predecessor-version":[{"id":150428,"href":"https:\/\/www.caririemacao.com\/1\/wp-json\/wp\/v2\/posts\/150399\/revisions\/150428"}],"wp:featuredmedia":[{"embeddable":true,"href":"https:\/\/www.caririemacao.com\/1\/wp-json\/wp\/v2\/media\/135301"}],"wp:attachment":[{"href":"https:\/\/www.caririemacao.com\/1\/wp-json\/wp\/v2\/media?parent=150399"}],"wp:term":[{"taxonomy":"category","embeddable":true,"href":"https:\/\/www.caririemacao.com\/1\/wp-json\/wp\/v2\/categories?post=150399"},{"taxonomy":"post_tag","embeddable":true,"href":"https:\/\/www.caririemacao.com\/1\/wp-json\/wp\/v2\/tags?post=150399"}],"curies":[{"name":"wp","href":"https:\/\/api.w.org\/{rel}","templated":true}]}}