{"id":150427,"date":"2020-01-30T14:47:25","date_gmt":"2020-01-30T17:47:25","guid":{"rendered":"http:\/\/www.caririemacao.com\/1\/?p=150427"},"modified":"2020-01-30T14:47:26","modified_gmt":"2020-01-30T17:47:26","slug":"homem-reage-a-prisao-e-e-baleado-pela-policia-civil-em-boqueirao","status":"publish","type":"post","link":"https:\/\/www.caririemacao.com\/1\/2020\/01\/30\/homem-reage-a-prisao-e-e-baleado-pela-policia-civil-em-boqueirao\/","title":{"rendered":"Homem reage a pris\u00e3o e \u00e9 baleado pela Pol\u00edcia Civil, em Boqueir\u00e3o"},"content":{"rendered":"\n<p>Um homem identificado por Cleiton Figueiredo de Oliveira, 23 anos reagiu a pris\u00e3o e foi baleado pela Pol\u00edcia Civil, nesta quinta-feira (30), no Bairro Novo, na cidade de Boqueir\u00e3o.<\/p>\n\n\n\n<p>De acordo com informa\u00e7\u00f5es apuradas pela TV Correio, Cleiton \u00e9 acusado de homic\u00eddio e no momento em que Pol\u00edcia Civil foi d\u00e1 cumprimento a o mandado de pris\u00e3o, o mesmo reagiu e atirou contra os policiais que reagiram e balearam o suspeito.<\/p>\n\n\n\n<p>Cleiton est\u00e1 sendo transferido em uma unidade do Servi\u00e7o de Atendimento M\u00f3vel de Urg\u00eancia (SAMU), para o Hospital de Trauma de Campina Grande.<\/p>\n\n\n\n<figure><iframe data-src=\"http:\/\/www.youtube.com\/embed\/of3B-swxv4E?version=3&amp;rel=1&amp;fs=1&amp;autohide=2&amp;showsearch=0&amp;showinfo=1&amp;iv_load_policy=1&amp;wmode=transparent\" allowfullscreen=\"true\" src=\"data:image\/svg+xml;base64,PHN2ZyB3aWR0aD0iMSIgaGVpZ2h0PSIxIiB4bWxucz0iaHR0cDovL3d3dy53My5vcmcvMjAwMC9zdmciPjwvc3ZnPg==\" class=\"lazyload\" data-load-mode=\"1\"><\/iframe><\/figure>\n\n\n\n<p>Mais informa\u00e7\u00f5es em instantes.<\/p>\n\n\n\n<p><strong>Blog do Bruno Lira<\/strong><\/p>\n","protected":false},"excerpt":{"rendered":"<p>Um homem identificado por Cleiton Figueiredo de Oliveira, 23 anos reagiu a pris\u00e3o e foi baleado pela Pol\u00edcia Civil, nesta quinta-feira (30), no Bairro Novo,&hellip; <\/p>\n","protected":false},"author":1,"featured_media":150429,"comment_status":"closed","ping_status":"closed","sticky":false,"template":"","format":"standard","meta":{"sfsi_plus_gutenberg_text_before_share":"","sfsi_plus_gutenberg_show_text_before_share":"","sfsi_plus_gutenberg_icon_type":"","sfsi_plus_gutenberg_icon_alignemt":"","sfsi_plus_gutenburg_max_per_row":"","footnotes":""},"categories":[12],"tags":[],"class_list":["post-150427","post","type-post","status-publish","format-standard","has-post-thumbnail","hentry","category-policia"],"_links":{"self":[{"href":"https:\/\/www.caririemacao.com\/1\/wp-json\/wp\/v2\/posts\/150427","targetHints":{"allow":["GET"]}}],"collection":[{"href":"https:\/\/www.caririemacao.com\/1\/wp-json\/wp\/v2\/posts"}],"about":[{"href":"https:\/\/www.caririemacao.com\/1\/wp-json\/wp\/v2\/types\/post"}],"author":[{"embeddable":true,"href":"https:\/\/www.caririemacao.com\/1\/wp-json\/wp\/v2\/users\/1"}],"replies":[{"embeddable":true,"href":"https:\/\/www.caririemacao.com\/1\/wp-json\/wp\/v2\/comments?post=150427"}],"version-history":[{"count":1,"href":"https:\/\/www.caririemacao.com\/1\/wp-json\/wp\/v2\/posts\/150427\/revisions"}],"predecessor-version":[{"id":150430,"href":"https:\/\/www.caririemacao.com\/1\/wp-json\/wp\/v2\/posts\/150427\/revisions\/150430"}],"wp:featuredmedia":[{"embeddable":true,"href":"https:\/\/www.caririemacao.com\/1\/wp-json\/wp\/v2\/media\/150429"}],"wp:attachment":[{"href":"https:\/\/www.caririemacao.com\/1\/wp-json\/wp\/v2\/media?parent=150427"}],"wp:term":[{"taxonomy":"category","embeddable":true,"href":"https:\/\/www.caririemacao.com\/1\/wp-json\/wp\/v2\/categories?post=150427"},{"taxonomy":"post_tag","embeddable":true,"href":"https:\/\/www.caririemacao.com\/1\/wp-json\/wp\/v2\/tags?post=150427"}],"curies":[{"name":"wp","href":"https:\/\/api.w.org\/{rel}","templated":true}]}}