{"id":150440,"date":"2020-01-30T15:35:03","date_gmt":"2020-01-30T18:35:03","guid":{"rendered":"http:\/\/www.caririemacao.com\/1\/?p=150440"},"modified":"2020-01-30T15:35:04","modified_gmt":"2020-01-30T18:35:04","slug":"secretaria-do-turismo-de-caraubas-define-programacao-oficial-do-carnaval-folia-2020","status":"publish","type":"post","link":"https:\/\/www.caririemacao.com\/1\/2020\/01\/30\/secretaria-do-turismo-de-caraubas-define-programacao-oficial-do-carnaval-folia-2020\/","title":{"rendered":"Secretaria do turismo de Cara\u00fabas define programa\u00e7\u00e3o oficial do carnaval folia 2020"},"content":{"rendered":"\n<p>A Prefeitura Municipal de Cara\u00fabas atrav\u00e9s da Secretaria do Turismo e da Cultura definiu a programa\u00e7\u00e3o do carnaval folia 2020. De 22 a 25 de Fevereiro do corrente v\u00e1rias atra\u00e7\u00f5es animaram o carnaval tradi\u00e7\u00e3o do munic\u00edpio. <\/p>\n\n\n\n<p>Esse ano a SETur definiu o carnaval folia tradi\u00e7\u00e3o com a participa\u00e7\u00e3o de v\u00e1rias atra\u00e7\u00f5es que se apresentar\u00e3o em pra\u00e7a p\u00fablica.De acordo com a secret\u00e1ria do Turismo e da Cultura, Silvana Myllena, uma estrutura ser\u00e1 montada na pra\u00e7a da saudade para que os foli\u00f5es possam desfrutar de um banho, barracas, estrutura de palco, som e ilumina\u00e7\u00e3o, bem como, de banheiros moveis. <\/p>\n\n\n\n<p>A inten\u00e7\u00e3o da Prefeitura \u00e9 fazer com que cada foli\u00e3o se sinta bem para brincar com seguran\u00e7a os quatro dias de festa, disse ela.O prefeito Silvano Dudu tentar\u00e1 a libera\u00e7\u00e3o do banho no Cangati, uma vez que o local se encontra em obras na constru\u00e7\u00e3o do balne\u00e1rio. <\/p>\n\n\n\n<p>Vamos conversar com Porf\u00edrio da AESA \u2013 Agencia Executiva de Gest\u00e3o das \u00c1guas para saber da possibilidade do banho tamb\u00e9m ser liberado nesta \u00e9poca do ano, por ser uma tradi\u00e7\u00e3o, no local, afirmou ele.De acordo com a programa\u00e7\u00e3o no dia 22, no s\u00e1bado sobem ao palco a partir das 20h., Bedeu Quirino e Gil Camargo, no domingo dia 23, a partir das 16h ter\u00e1 orquestra de frevo pelas principais ruas da cidade puxando blocos e tocando marchinhas carnavalescas e em seguida show com Gil Camargo. <\/p>\n\n\n\n<p>No mesmo dia na cidade de Cara\u00fabas, a partir das 20h tem show com Alisson Levado e Camargo.<\/p>\n\n\n\n<p>O encerramento da programa\u00e7\u00e3o carnavalesca acontecer\u00e1 na ter\u00e7a-feira, dia 25 com a apresenta\u00e7\u00e3o da orquestra de frevo, a partir das 16h., em pra\u00e7a p\u00fablica e a noite a partir das 20h., shows com Bira El\u00e9trico e Gil Camargo.N\u00f3s j\u00e1 oficializamos a pol\u00edcia militar e civil do Estado da Para\u00edba para garantir a seguran\u00e7a da folia de momo 2020, bem como, por determina\u00e7\u00e3o do prefeito Silvano Dudu, montarmos a estrutura necess\u00e1ria para comerciantes e foli\u00f5es que ir\u00e3o se divertir neste per\u00edodo, concluiu Myllena.Durante os dias de festa as secretaria de Obras P\u00fablicas e Servi\u00e7os Urbanos e da sa\u00fade estar\u00e3o funcionando em regime de plant\u00e3o na \u00e1rea da limpeza p\u00fablica e na \u00e1rea da sa\u00fade. <\/p>\n\n\n\n<p>Ainda de acordo com informa\u00e7\u00f5es a Secretaria da Sa\u00fade estar\u00e1 distribuindo gratuitamente preservativo a todos os foli\u00f5es em pontos estrat\u00e9gicos, disse a enfermeira Warla.<\/p>\n\n\n\n<p><br>Fonte:\u00a0<strong>SEPLACOM<\/strong><\/p>\n\n\n\n<p>Foto:\u00a0<strong>NERIV\u00c2NIO HENRIQUES<\/strong><\/p>\n","protected":false},"excerpt":{"rendered":"<p>A Prefeitura Municipal de Cara\u00fabas atrav\u00e9s da Secretaria do Turismo e da Cultura definiu a programa\u00e7\u00e3o do carnaval folia 2020. De 22 a 25 de&hellip; <\/p>\n","protected":false},"author":1,"featured_media":150441,"comment_status":"closed","ping_status":"closed","sticky":false,"template":"","format":"standard","meta":{"sfsi_plus_gutenberg_text_before_share":"","sfsi_plus_gutenberg_show_text_before_share":"","sfsi_plus_gutenberg_icon_type":"","sfsi_plus_gutenberg_icon_alignemt":"","sfsi_plus_gutenburg_max_per_row":"","footnotes":""},"categories":[2],"tags":[],"class_list":["post-150440","post","type-post","status-publish","format-standard","has-post-thumbnail","hentry","category-geral"],"_links":{"self":[{"href":"https:\/\/www.caririemacao.com\/1\/wp-json\/wp\/v2\/posts\/150440","targetHints":{"allow":["GET"]}}],"collection":[{"href":"https:\/\/www.caririemacao.com\/1\/wp-json\/wp\/v2\/posts"}],"about":[{"href":"https:\/\/www.caririemacao.com\/1\/wp-json\/wp\/v2\/types\/post"}],"author":[{"embeddable":true,"href":"https:\/\/www.caririemacao.com\/1\/wp-json\/wp\/v2\/users\/1"}],"replies":[{"embeddable":true,"href":"https:\/\/www.caririemacao.com\/1\/wp-json\/wp\/v2\/comments?post=150440"}],"version-history":[{"count":1,"href":"https:\/\/www.caririemacao.com\/1\/wp-json\/wp\/v2\/posts\/150440\/revisions"}],"predecessor-version":[{"id":150442,"href":"https:\/\/www.caririemacao.com\/1\/wp-json\/wp\/v2\/posts\/150440\/revisions\/150442"}],"wp:featuredmedia":[{"embeddable":true,"href":"https:\/\/www.caririemacao.com\/1\/wp-json\/wp\/v2\/media\/150441"}],"wp:attachment":[{"href":"https:\/\/www.caririemacao.com\/1\/wp-json\/wp\/v2\/media?parent=150440"}],"wp:term":[{"taxonomy":"category","embeddable":true,"href":"https:\/\/www.caririemacao.com\/1\/wp-json\/wp\/v2\/categories?post=150440"},{"taxonomy":"post_tag","embeddable":true,"href":"https:\/\/www.caririemacao.com\/1\/wp-json\/wp\/v2\/tags?post=150440"}],"curies":[{"name":"wp","href":"https:\/\/api.w.org\/{rel}","templated":true}]}}