{"id":150445,"date":"2020-01-30T15:55:08","date_gmt":"2020-01-30T18:55:08","guid":{"rendered":"http:\/\/www.caririemacao.com\/1\/?p=150445"},"modified":"2020-01-30T15:55:10","modified_gmt":"2020-01-30T18:55:10","slug":"morre-em-hospital-uma-das-gemeas-que-dormiam-ha-mais-de-seis-meses","status":"publish","type":"post","link":"https:\/\/www.caririemacao.com\/1\/2020\/01\/30\/morre-em-hospital-uma-das-gemeas-que-dormiam-ha-mais-de-seis-meses\/","title":{"rendered":"Morre em hospital uma das g\u00eameas que dormiam h\u00e1 mais de seis meses"},"content":{"rendered":"\n<p>A beb\u00ea Ana J\u00falia morreu de insufici\u00eancia pulmonar em Reden\u00e7\u00e3o, no sudeste do Par\u00e1. Ela era uma das g\u00eameas que apresentaram problema de sa\u00fade que impediu as duas de reagir desde o dia do nascimento. O caso repercutiu nacionalmente e continua sem diagn\u00f3stico m\u00e9dico.<\/p>\n\n\n\n<p>A morte de Ana J\u00falia foi no \u00faltimo domingo (26) e confirmada nesta ter\u00e7a pela m\u00e3e das crian\u00e7as. A outra g\u00eamea, Ana Sofia, permanece internada no Hospital Regional de Reden\u00e7\u00e3o. Ela tem estado de sa\u00fade grave e respira com a ajuda de aparelhos.<\/p>\n\n\n\n<p>O caso raro das g\u00eameas deixou profissionais de sa\u00fade intrigados. H\u00e1 cerca de sete meses, ambas n\u00e3o esbo\u00e7am rea\u00e7\u00e3o. O quadro \u00e9 classificado pelos m\u00e9dicos como \u201ccomatoso\u201d, quando o paciente tem apenas reflexos primitivos e est\u00e1 em sono profundo.<\/p>\n\n\n\n<p>O hospital onde as duas foram internadas ainda n\u00e3o conseguiu chegar a um diagn\u00f3stico, mas especula que as pacientes t\u00eam um caso raro de \u201cerro inato do metabolismo\u201d. A alimenta\u00e7\u00e3o delas \u00e9 feita por sonda g\u00e1strica.<\/p>\n\n\n\n<p>Exames extras foram realizados, ap\u00f3s a repercuss\u00e3o do caso. Segundo o Hospital Regional P\u00fablico do Araguaia (HRPA), as amostras foram encaminhadas a um laborat\u00f3rio especializado em S\u00e3o Paulo.<\/p>\n\n\n\n<p>M\u00e3e \u00e0 espera de respostas<br>A m\u00e3e, Luana Tintiliano da Silva, sempre acompanhou as filhas no hospital \u00e0 espera de um diagn\u00f3stico. Durante a gesta\u00e7\u00e3o, ela passou por uma cirurgia de ap\u00eandice quando estava gr\u00e1vida de tr\u00eas meses, al\u00e9m de ter sido diagnosticada com miomas no \u00fatero. Os m\u00e9dicos descartaram qualquer rela\u00e7\u00e3o da cirurgia que ela passou durante a gravidez com o quadro atual das crian\u00e7as.<\/p>\n\n\n\n<p>Mesmo ap\u00f3s o parto, Luana disse que n\u00e3o dormia regularmente. Ela disse que ficava em uma cadeira reclin\u00e1vel, onde passava noites no hospital. Os m\u00e9dicos ainda n\u00e3o explicaram a causa da falta de sono. Ela disse que j\u00e1 chegou a ficar at\u00e9 cinco dias sem dormir.<\/p>\n\n\n\n<p>\u201cEu tinha miomas no \u00fatero e n\u00e3o sabia que estava gr\u00e1vida. Comecei a passar mal e fui para o hospital. Chegando l\u00e1 descobri que estava gr\u00e1vida de g\u00eameas. Eu sentia muita dor na barriga e os m\u00e9dicos n\u00e3o entendiam o motivo. Ent\u00e3o, decidiram abrir a minha barriga para encontrar a causa. Fui avisada do perigo desse tipo de cirurgia, principalmente porque eu estava gr\u00e1vida e isso nunca tinha sido feito em Reden\u00e7\u00e3o\u201d.<\/p>\n\n\n\n<p>Quando a cirurgia foi feita, os m\u00e9dicos constataram a apendicite. \u201cEu fiquei bem ap\u00f3s a cirurgia e at\u00e9 o nascimento das crian\u00e7as, que nasceram aos oito meses por decis\u00e3o m\u00e9dica. Quando elas nasceram, as meninas n\u00e3o choraram, e isso assustou os m\u00e9dicos. Elas n\u00e3o se mexiam, n\u00e3o esbo\u00e7aram nenhuma rea\u00e7\u00e3o. Tinha uma mulher no laborat\u00f3rio que disse ficou impressionada, n\u00e3o estava entendendo porque elas n\u00e3o se mexiam\u201d, contou Luana.<\/p>\n","protected":false},"excerpt":{"rendered":"<p>A beb\u00ea Ana J\u00falia morreu de insufici\u00eancia pulmonar em Reden\u00e7\u00e3o, no sudeste do Par\u00e1. Ela era uma das g\u00eameas que apresentaram problema de sa\u00fade que&hellip; <\/p>\n","protected":false},"author":1,"featured_media":150447,"comment_status":"closed","ping_status":"closed","sticky":false,"template":"","format":"standard","meta":{"sfsi_plus_gutenberg_text_before_share":"","sfsi_plus_gutenberg_show_text_before_share":"","sfsi_plus_gutenberg_icon_type":"","sfsi_plus_gutenberg_icon_alignemt":"","sfsi_plus_gutenburg_max_per_row":"","footnotes":""},"categories":[2],"tags":[],"class_list":["post-150445","post","type-post","status-publish","format-standard","has-post-thumbnail","hentry","category-geral"],"_links":{"self":[{"href":"https:\/\/www.caririemacao.com\/1\/wp-json\/wp\/v2\/posts\/150445","targetHints":{"allow":["GET"]}}],"collection":[{"href":"https:\/\/www.caririemacao.com\/1\/wp-json\/wp\/v2\/posts"}],"about":[{"href":"https:\/\/www.caririemacao.com\/1\/wp-json\/wp\/v2\/types\/post"}],"author":[{"embeddable":true,"href":"https:\/\/www.caririemacao.com\/1\/wp-json\/wp\/v2\/users\/1"}],"replies":[{"embeddable":true,"href":"https:\/\/www.caririemacao.com\/1\/wp-json\/wp\/v2\/comments?post=150445"}],"version-history":[{"count":1,"href":"https:\/\/www.caririemacao.com\/1\/wp-json\/wp\/v2\/posts\/150445\/revisions"}],"predecessor-version":[{"id":150448,"href":"https:\/\/www.caririemacao.com\/1\/wp-json\/wp\/v2\/posts\/150445\/revisions\/150448"}],"wp:featuredmedia":[{"embeddable":true,"href":"https:\/\/www.caririemacao.com\/1\/wp-json\/wp\/v2\/media\/150447"}],"wp:attachment":[{"href":"https:\/\/www.caririemacao.com\/1\/wp-json\/wp\/v2\/media?parent=150445"}],"wp:term":[{"taxonomy":"category","embeddable":true,"href":"https:\/\/www.caririemacao.com\/1\/wp-json\/wp\/v2\/categories?post=150445"},{"taxonomy":"post_tag","embeddable":true,"href":"https:\/\/www.caririemacao.com\/1\/wp-json\/wp\/v2\/tags?post=150445"}],"curies":[{"name":"wp","href":"https:\/\/api.w.org\/{rel}","templated":true}]}}