{"id":150457,"date":"2020-01-30T16:45:25","date_gmt":"2020-01-30T19:45:25","guid":{"rendered":"http:\/\/www.caririemacao.com\/1\/?p=150457"},"modified":"2020-02-03T11:23:29","modified_gmt":"2020-02-03T14:23:29","slug":"prefeito-de-sao-jose-dos-cordeiros-se-reune-com-secretario-e-deputado-para-solicitar-construcao-de-nova-escola","status":"publish","type":"post","link":"https:\/\/www.caririemacao.com\/1\/2020\/01\/30\/prefeito-de-sao-jose-dos-cordeiros-se-reune-com-secretario-e-deputado-para-solicitar-construcao-de-nova-escola\/","title":{"rendered":"Prefeito de S\u00e3o Jos\u00e9 dos Cordeiros se re\u00fane com secret\u00e1rio e deputado para solicitar constru\u00e7\u00e3o de nova escola"},"content":{"rendered":"\n<p>Na manh\u00e3 desta quinta-feira (30), estiveram reunidos o prefeito da cidade de S\u00e3o Jos\u00e9 dos Cordeiros Jefferson, o secret\u00e1rio de estado da educa\u00e7\u00e3o ci\u00eancia e tecnologia Cl\u00e1udio Furtado, juntamente com o deputado estadual Adriano Galdino. <\/p>\n\n\n\n<p>A pauta da reuni\u00e3o girou em torno do pedido para a  constru\u00e7\u00e3o de uma nova escola estadual, e tamb\u00e9m a solicita\u00e7\u00e3o de um gin\u00e1sio poliesportivo na escola nova na comunidade de Sim\u00e3o Lopes. <\/p>\n\n\n\n<p><\/p>\n","protected":false},"excerpt":{"rendered":"<p>Na manh\u00e3 desta quinta-feira (30), estiveram reunidos o prefeito da cidade de S\u00e3o Jos\u00e9 dos Cordeiros Jefferson, o secret\u00e1rio de estado da educa\u00e7\u00e3o ci\u00eancia e&hellip; <\/p>\n","protected":false},"author":2,"featured_media":150459,"comment_status":"closed","ping_status":"closed","sticky":false,"template":"","format":"standard","meta":{"sfsi_plus_gutenberg_text_before_share":"","sfsi_plus_gutenberg_show_text_before_share":"","sfsi_plus_gutenberg_icon_type":"","sfsi_plus_gutenberg_icon_alignemt":"","sfsi_plus_gutenburg_max_per_row":"","footnotes":""},"categories":[50,14],"tags":[],"class_list":["post-150457","post","type-post","status-publish","format-standard","has-post-thumbnail","hentry","category-destaque","category-educacao"],"_links":{"self":[{"href":"https:\/\/www.caririemacao.com\/1\/wp-json\/wp\/v2\/posts\/150457","targetHints":{"allow":["GET"]}}],"collection":[{"href":"https:\/\/www.caririemacao.com\/1\/wp-json\/wp\/v2\/posts"}],"about":[{"href":"https:\/\/www.caririemacao.com\/1\/wp-json\/wp\/v2\/types\/post"}],"author":[{"embeddable":true,"href":"https:\/\/www.caririemacao.com\/1\/wp-json\/wp\/v2\/users\/2"}],"replies":[{"embeddable":true,"href":"https:\/\/www.caririemacao.com\/1\/wp-json\/wp\/v2\/comments?post=150457"}],"version-history":[{"count":2,"href":"https:\/\/www.caririemacao.com\/1\/wp-json\/wp\/v2\/posts\/150457\/revisions"}],"predecessor-version":[{"id":151132,"href":"https:\/\/www.caririemacao.com\/1\/wp-json\/wp\/v2\/posts\/150457\/revisions\/151132"}],"wp:featuredmedia":[{"embeddable":true,"href":"https:\/\/www.caririemacao.com\/1\/wp-json\/wp\/v2\/media\/150459"}],"wp:attachment":[{"href":"https:\/\/www.caririemacao.com\/1\/wp-json\/wp\/v2\/media?parent=150457"}],"wp:term":[{"taxonomy":"category","embeddable":true,"href":"https:\/\/www.caririemacao.com\/1\/wp-json\/wp\/v2\/categories?post=150457"},{"taxonomy":"post_tag","embeddable":true,"href":"https:\/\/www.caririemacao.com\/1\/wp-json\/wp\/v2\/tags?post=150457"}],"curies":[{"name":"wp","href":"https:\/\/api.w.org\/{rel}","templated":true}]}}