{"id":150462,"date":"2020-01-30T22:48:44","date_gmt":"2020-01-31T01:48:44","guid":{"rendered":"http:\/\/www.caririemacao.com\/1\/?p=150462"},"modified":"2020-01-30T22:48:46","modified_gmt":"2020-01-31T01:48:46","slug":"policia-prende-suspeito-de-ser-o-mandante-da-morte-de-empresario-em-sao-jose-dos-cordeiros","status":"publish","type":"post","link":"https:\/\/www.caririemacao.com\/1\/2020\/01\/30\/policia-prende-suspeito-de-ser-o-mandante-da-morte-de-empresario-em-sao-jose-dos-cordeiros\/","title":{"rendered":"Pol\u00edcia prende suspeito de ser o mandante da morte de empres\u00e1rio em S\u00e3o Jos\u00e9 dos Cordeiros"},"content":{"rendered":"\n<p>A Pol\u00edcia Civil prendeu na tarde desta quinta-feira(30) o principal suspeito na morte do empres\u00e1rio cordeirense Neobruno da Silva, conhecido como Bruno de Z\u00e9 Lucas, ocorrido no dia 16 de maio de 2019, em S\u00e3o Jos\u00e9 dos Cordeiros, no Cariri da Para\u00edba.<\/p>\n\n\n\n<p>Por for\u00e7a de um mandato de pris\u00e3o, a Pol\u00edcia Civil prendeu Paulo C\u00e9sar, cunhado de Bruno. Paulo C\u00e9sar foi preso suspeito de ser o mandante do assassinato e foi preso em S\u00e3o Jos\u00e9 dos Cordeiros.<\/p>\n\n\n\n<p>Segundo a investiga\u00e7\u00e3o feita pela Pol\u00edcia Civil, Paulo C\u00e9sar era o \u00fanico inimigo declarado que Bruno possu\u00eda e as desaven\u00e7as come\u00e7aram ap\u00f3s os dois desfazerem uma sociedade em uma loja de material de constru\u00e7\u00e3o.<\/p>\n\n\n\n<p>Paulo C\u00e9sar foi transferido para a Delegacia de Pol\u00edcia em Serra Branca, onde ficar\u00e1 a disposi\u00e7\u00e3o da justi\u00e7a.<\/p>\n\n\n\n<p>O crime que resultou na morte do empres\u00e1rio Bruno chocou a popula\u00e7\u00e3o de S\u00e3o Jos\u00e9 dos Cordeiros. No decorrer da investiga\u00e7\u00e3o, familiares, conterr\u00e2neos e amigos clamavam por justi\u00e7a e que as autoridades e for\u00e7as policiais descobrissem o real autor do crime.<\/p>\n\n\n\n<p><strong>ENTENDA O CASO<\/strong><\/p>\n\n\n\n<p>O cordeirense Bruno de Z\u00e9 Lucas foi assassinado com tr\u00eas tiros na cabe\u00e7a quando reabria a sua loja de material de constru\u00e7\u00e3o na tarde do \u00faltimo dia 16 de maio de 2019.<\/p>\n\n\n\n<p>Informa\u00e7\u00f5es colhidas pela nossa reportagem na \u00e9poca, dois homens de cara limpa chegaram na loja em uma moto e chamaram-no pelo nome e quando Bruno atendeu foi atingido pelos disparos.<\/p>\n\n\n\n<p>Os dois bandidos fugiram com sentido \u00e0s cidades de Livramento ou Sum\u00e9 e um deles trajava blusa branca, bermuda e estava com capacete cinza na m\u00e3o.<\/p>\n\n\n\n<p><strong>De Olho no Cariri<\/strong><\/p>\n","protected":false},"excerpt":{"rendered":"<p>A Pol\u00edcia Civil prendeu na tarde desta quinta-feira(30) o principal suspeito na morte do empres\u00e1rio cordeirense Neobruno da Silva, conhecido como Bruno de Z\u00e9 Lucas,&hellip; <\/p>\n","protected":false},"author":1,"featured_media":150463,"comment_status":"closed","ping_status":"closed","sticky":false,"template":"","format":"standard","meta":{"sfsi_plus_gutenberg_text_before_share":"","sfsi_plus_gutenberg_show_text_before_share":"","sfsi_plus_gutenberg_icon_type":"","sfsi_plus_gutenberg_icon_alignemt":"","sfsi_plus_gutenburg_max_per_row":"","footnotes":""},"categories":[50,12],"tags":[],"class_list":["post-150462","post","type-post","status-publish","format-standard","has-post-thumbnail","hentry","category-destaque","category-policia"],"_links":{"self":[{"href":"https:\/\/www.caririemacao.com\/1\/wp-json\/wp\/v2\/posts\/150462","targetHints":{"allow":["GET"]}}],"collection":[{"href":"https:\/\/www.caririemacao.com\/1\/wp-json\/wp\/v2\/posts"}],"about":[{"href":"https:\/\/www.caririemacao.com\/1\/wp-json\/wp\/v2\/types\/post"}],"author":[{"embeddable":true,"href":"https:\/\/www.caririemacao.com\/1\/wp-json\/wp\/v2\/users\/1"}],"replies":[{"embeddable":true,"href":"https:\/\/www.caririemacao.com\/1\/wp-json\/wp\/v2\/comments?post=150462"}],"version-history":[{"count":1,"href":"https:\/\/www.caririemacao.com\/1\/wp-json\/wp\/v2\/posts\/150462\/revisions"}],"predecessor-version":[{"id":150464,"href":"https:\/\/www.caririemacao.com\/1\/wp-json\/wp\/v2\/posts\/150462\/revisions\/150464"}],"wp:featuredmedia":[{"embeddable":true,"href":"https:\/\/www.caririemacao.com\/1\/wp-json\/wp\/v2\/media\/150463"}],"wp:attachment":[{"href":"https:\/\/www.caririemacao.com\/1\/wp-json\/wp\/v2\/media?parent=150462"}],"wp:term":[{"taxonomy":"category","embeddable":true,"href":"https:\/\/www.caririemacao.com\/1\/wp-json\/wp\/v2\/categories?post=150462"},{"taxonomy":"post_tag","embeddable":true,"href":"https:\/\/www.caririemacao.com\/1\/wp-json\/wp\/v2\/tags?post=150462"}],"curies":[{"name":"wp","href":"https:\/\/api.w.org\/{rel}","templated":true}]}}