{"id":150477,"date":"2020-01-31T07:10:23","date_gmt":"2020-01-31T10:10:23","guid":{"rendered":"http:\/\/www.caririemacao.com\/1\/?p=150477"},"modified":"2020-01-31T07:10:25","modified_gmt":"2020-01-31T10:10:25","slug":"no-cariri-suspeito-de-furtar-pedras-de-canal-da-transposicao-do-rio-sao-francisco-e-preso","status":"publish","type":"post","link":"https:\/\/www.caririemacao.com\/1\/2020\/01\/31\/no-cariri-suspeito-de-furtar-pedras-de-canal-da-transposicao-do-rio-sao-francisco-e-preso\/","title":{"rendered":"No Cariri: suspeito de furtar pedras de canal da transposi\u00e7\u00e3o do Rio S\u00e3o Francisco \u00e9 preso"},"content":{"rendered":"\n<p>Um homem 48 anos foi preso em flagrante na tarde desta quinta-feira (30), suspeito de furtar pedras usadas no canal da transposi\u00e7\u00e3o do Rio S\u00e3o Francisco. Segundo informa\u00e7\u00f5es do delegado Cristiano Santana, o material foi furtado em um trecho da obra localizado em Monteiro, no Cariri paraibano.<\/p>\n\n\n\n<p>De acordo com o delegado, o suspeito transportava as pedras em um caminh\u00e3o ca\u00e7amba. Em depoimento, ele confessou que furtava o material para uso particular.<\/p>\n\n\n\n<p>O homem foi autuado pelo crime de furto. O delegado refor\u00e7ou que quem for flagrado cometendo crimes semelhantes, deve responder judicialmente.<\/p>\n\n\n\n<p>G1 Para\u00edba<\/p>\n","protected":false},"excerpt":{"rendered":"<p>Um homem 48 anos foi preso em flagrante na tarde desta quinta-feira (30), suspeito de furtar pedras usadas no canal da transposi\u00e7\u00e3o do Rio S\u00e3o&hellip; <\/p>\n","protected":false},"author":1,"featured_media":150478,"comment_status":"closed","ping_status":"closed","sticky":false,"template":"","format":"standard","meta":{"sfsi_plus_gutenberg_text_before_share":"","sfsi_plus_gutenberg_show_text_before_share":"","sfsi_plus_gutenberg_icon_type":"","sfsi_plus_gutenberg_icon_alignemt":"","sfsi_plus_gutenburg_max_per_row":"","footnotes":""},"categories":[12],"tags":[],"class_list":["post-150477","post","type-post","status-publish","format-standard","has-post-thumbnail","hentry","category-policia"],"_links":{"self":[{"href":"https:\/\/www.caririemacao.com\/1\/wp-json\/wp\/v2\/posts\/150477","targetHints":{"allow":["GET"]}}],"collection":[{"href":"https:\/\/www.caririemacao.com\/1\/wp-json\/wp\/v2\/posts"}],"about":[{"href":"https:\/\/www.caririemacao.com\/1\/wp-json\/wp\/v2\/types\/post"}],"author":[{"embeddable":true,"href":"https:\/\/www.caririemacao.com\/1\/wp-json\/wp\/v2\/users\/1"}],"replies":[{"embeddable":true,"href":"https:\/\/www.caririemacao.com\/1\/wp-json\/wp\/v2\/comments?post=150477"}],"version-history":[{"count":1,"href":"https:\/\/www.caririemacao.com\/1\/wp-json\/wp\/v2\/posts\/150477\/revisions"}],"predecessor-version":[{"id":150479,"href":"https:\/\/www.caririemacao.com\/1\/wp-json\/wp\/v2\/posts\/150477\/revisions\/150479"}],"wp:featuredmedia":[{"embeddable":true,"href":"https:\/\/www.caririemacao.com\/1\/wp-json\/wp\/v2\/media\/150478"}],"wp:attachment":[{"href":"https:\/\/www.caririemacao.com\/1\/wp-json\/wp\/v2\/media?parent=150477"}],"wp:term":[{"taxonomy":"category","embeddable":true,"href":"https:\/\/www.caririemacao.com\/1\/wp-json\/wp\/v2\/categories?post=150477"},{"taxonomy":"post_tag","embeddable":true,"href":"https:\/\/www.caririemacao.com\/1\/wp-json\/wp\/v2\/tags?post=150477"}],"curies":[{"name":"wp","href":"https:\/\/api.w.org\/{rel}","templated":true}]}}