{"id":150482,"date":"2020-01-31T07:17:23","date_gmt":"2020-01-31T10:17:23","guid":{"rendered":"http:\/\/www.caririemacao.com\/1\/?p=150482"},"modified":"2020-01-31T07:17:25","modified_gmt":"2020-01-31T10:17:25","slug":"termina-hoje-prazo-para-pagamento-de-ipva-de-placa-final-1-com-desconto-de-10","status":"publish","type":"post","link":"https:\/\/www.caririemacao.com\/1\/2020\/01\/31\/termina-hoje-prazo-para-pagamento-de-ipva-de-placa-final-1-com-desconto-de-10\/","title":{"rendered":"Termina hoje prazo para pagamento de IPVA de placa final 1 com desconto de 10%"},"content":{"rendered":"\n<p> Para garantir o desconto de 10% do Imposto Sobre a Propriedade de Ve\u00edculos Automotores (IPVA), os propriet\u00e1rios de ve\u00edculos de placa final 1 precisam efetuar o pagamento em cota \u00fanica \u00e0 vista at\u00e9 esta sexta-feira (31), o que evitar\u00e1 juros e multa.<\/p>\n\n\n\n<p>Os contribuintes t\u00eam ainda outras duas op\u00e7\u00f5es de pagamento para efetuar o tributo, mas desta vez sem o desconto. No parcelamento em tr\u00eas vezes, com a primeira parcela sendo feita at\u00e9 tamb\u00e9m esta sexta-feira (31). A terceira op\u00e7\u00e3o \u00e9 o pagamento total do IPVA no dia 31 de mar\u00e7o, tamb\u00e9m sem o desconto de 10%. A Sefaz-PB contabiliza, em seus lan\u00e7amentos, 72.393 ve\u00edculos, com final placa 1.&nbsp;<\/p>\n\n\n\n<p>Impress\u00e3o dos boletos via Portais \u2013 Os boletos do IPVA dever\u00e3o ser impressos por meio da internet. A emiss\u00e3o est\u00e1 disponibilizada no portal da SEFAZ-PB www.sefaz.pb.gov.br, mas tamb\u00e9m no do Detran-PB:&nbsp;<a href=\"http:\/\/www.detran.pb.gov.br\/\">http:\/\/www.detran.pb.gov.br\/<\/a>&nbsp;O boleto poder\u00e1 tamb\u00e9m ser impresso, preferencialmente, em uma reparti\u00e7\u00e3o fiscal ou ent\u00e3o nas unidades do Detran-PB.<\/p>\n\n\n\n<p>Pagamento em qualquer banco e lot\u00e9ricas \u2013 Desde o ano passado, a Sefaz-PB ampliou os locais para pagamento do IPVA. Basta o contribuinte escolher, no ato da impress\u00e3o, a op\u00e7\u00e3o \u2018Ficha de Compensa\u00e7\u00e3o\u2019. Com ela, o contribuinte poder\u00e1 pagar o tributo em casas lot\u00e9ricas, correspondentes banc\u00e1rios e em toda a rede banc\u00e1ria. Se a op\u00e7\u00e3o permanecer no Documento de Arrecada\u00e7\u00e3o (DAR), o pagamento fica restrito ao Banco do Brasil.<\/p>\n\n\n\n<p>Comprova\u00e7\u00e3o da isen\u00e7\u00e3o da placa final 1 \u2013 Termina tamb\u00e9m nesta sexta-feira (31) o prazo para as categorias que pediram a isen\u00e7\u00e3o do IPVA como, por exemplo, taxistas, portadores de defici\u00eancia (f\u00edsica, visual, mental ou autista), ve\u00edculos cadastrados no Minist\u00e9rio do Turismo na qualidade de transporte tur\u00edstico; motofretistas e de motoboys at\u00e9 150 cilindradas, de placa final 1. Essas categorias precisam levar a documenta\u00e7\u00e3o na reparti\u00e7\u00e3o fiscal mais pr\u00f3xima do seu domic\u00edlio para comprovarem a isen\u00e7\u00e3o e gozarem do benef\u00edcio em 2020. Neste mesmo dia, essas categorias j\u00e1 podem requerer a isen\u00e7\u00e3o de 2021.<\/p>\n\n\n\n<p>\u00c9 importante lembrar que esses ve\u00edculos isentos dever\u00e3o pagar as demais taxas que envolvem o emplacamento, como seguro obrigat\u00f3rio (DPVat), licenciamento do Detran-PB e a Taxa de Bombeiro.<\/p>\n","protected":false},"excerpt":{"rendered":"<p>Para garantir o desconto de 10% do Imposto Sobre a Propriedade de Ve\u00edculos Automotores (IPVA), os propriet\u00e1rios de ve\u00edculos de placa final 1 precisam efetuar&hellip; <\/p>\n","protected":false},"author":1,"featured_media":145027,"comment_status":"closed","ping_status":"closed","sticky":false,"template":"","format":"standard","meta":{"sfsi_plus_gutenberg_text_before_share":"","sfsi_plus_gutenberg_show_text_before_share":"","sfsi_plus_gutenberg_icon_type":"","sfsi_plus_gutenberg_icon_alignemt":"","sfsi_plus_gutenburg_max_per_row":"","footnotes":""},"categories":[6],"tags":[],"class_list":["post-150482","post","type-post","status-publish","format-standard","has-post-thumbnail","hentry","category-cidades"],"_links":{"self":[{"href":"https:\/\/www.caririemacao.com\/1\/wp-json\/wp\/v2\/posts\/150482","targetHints":{"allow":["GET"]}}],"collection":[{"href":"https:\/\/www.caririemacao.com\/1\/wp-json\/wp\/v2\/posts"}],"about":[{"href":"https:\/\/www.caririemacao.com\/1\/wp-json\/wp\/v2\/types\/post"}],"author":[{"embeddable":true,"href":"https:\/\/www.caririemacao.com\/1\/wp-json\/wp\/v2\/users\/1"}],"replies":[{"embeddable":true,"href":"https:\/\/www.caririemacao.com\/1\/wp-json\/wp\/v2\/comments?post=150482"}],"version-history":[{"count":1,"href":"https:\/\/www.caririemacao.com\/1\/wp-json\/wp\/v2\/posts\/150482\/revisions"}],"predecessor-version":[{"id":150483,"href":"https:\/\/www.caririemacao.com\/1\/wp-json\/wp\/v2\/posts\/150482\/revisions\/150483"}],"wp:featuredmedia":[{"embeddable":true,"href":"https:\/\/www.caririemacao.com\/1\/wp-json\/wp\/v2\/media\/145027"}],"wp:attachment":[{"href":"https:\/\/www.caririemacao.com\/1\/wp-json\/wp\/v2\/media?parent=150482"}],"wp:term":[{"taxonomy":"category","embeddable":true,"href":"https:\/\/www.caririemacao.com\/1\/wp-json\/wp\/v2\/categories?post=150482"},{"taxonomy":"post_tag","embeddable":true,"href":"https:\/\/www.caririemacao.com\/1\/wp-json\/wp\/v2\/tags?post=150482"}],"curies":[{"name":"wp","href":"https:\/\/api.w.org\/{rel}","templated":true}]}}