{"id":150495,"date":"2020-01-31T07:24:38","date_gmt":"2020-01-31T10:24:38","guid":{"rendered":"http:\/\/www.caririemacao.com\/1\/?p=150495"},"modified":"2020-01-31T07:24:40","modified_gmt":"2020-01-31T10:24:40","slug":"oms-declara-estado-de-emergencia-global-em-razao-do-coronavirus","status":"publish","type":"post","link":"https:\/\/www.caririemacao.com\/1\/2020\/01\/31\/oms-declara-estado-de-emergencia-global-em-razao-do-coronavirus\/","title":{"rendered":"OMS declara estado de emerg\u00eancia global em raz\u00e3o do coronav\u00edrus"},"content":{"rendered":"\n<p>A Organiza\u00e7\u00e3o Mundial da&nbsp;Sa\u00fade (OMS) declarou estado de emerg\u00eancia global em raz\u00e3o da dissemina\u00e7\u00e3o do coronav\u00edrus. A entidade fez o an\u00fancio \u00e0 imprensa em sua sede, em Genebra, na Sui\u00e7a, ap\u00f3s uma reuni\u00e3o com especialistas.<\/p>\n\n\n\n<p>At\u00e9 o momento, foram contabilizados 7,7 mil casos e 170 mortes na China, principal local de multiplica\u00e7\u00e3o do v\u00edrus. Em outros 19 pa\u00edses, j\u00e1 foram registrados 98 casos. No Brasil, o Minist\u00e9rio da Sa\u00fade&nbsp;<a href=\"http:\/\/agenciabrasil.ebc.com.br\/saude\/noticia\/2020-01\/brasil-segue-com-nove-casos-suspeitos-de-coronavirus\" target=\"_blank\" rel=\"noreferrer noopener\">investiga nove<\/a>&nbsp;casos suspeitos.<\/p>\n\n\n\n<p>De acordo com a entidade, os casos abrangem pessoas que viajaram para Wuhan, foco do surto, ou que tiveram contato com pessoas com hist\u00f3rico de passagem pela cidade.<\/p>\n\n\n\n<figure class=\"wp-block-image\"><img decoding=\"async\" data-src=\"http:\/\/imagens.ebc.com.br\/GFvnCYZS6bCZplIc4NgCDdD8y9Q=\/754x0\/smart\/http:\/\/agenciabrasil.ebc.com.br\/sites\/default\/files\/thumbnails\/image\/2020-01-29t085044z_208307018_rc2kpe9dcycy_rtrmadp_3_china-health-nepal.jpg?itok=W1pBhFI0\" alt=\"Crian\u00e7as no Nepal assistem aula com m\u00e1scaras de prote\u00e7\u00e3o depois que o pa\u00eds confirmou o primeiro caso de coronav\u00edrus, na cidade de Thimi, Bhaktapur, no Nepal \" src=\"data:image\/svg+xml;base64,PHN2ZyB3aWR0aD0iMSIgaGVpZ2h0PSIxIiB4bWxucz0iaHR0cDovL3d3dy53My5vcmcvMjAwMC9zdmciPjwvc3ZnPg==\" class=\"lazyload\" \/><\/figure>\n\n\n\n<h6 class=\"wp-block-heading\">Crian\u00e7as no Nepal assistem aula com m\u00e1scaras de prote\u00e7\u00e3o depois que o pa\u00eds confirmou o primeiro caso de coronav\u00edrus, na cidade de Thimi, Bhaktapur, no Nepal &#8211;&nbsp;<strong>Reuters\/Navesh Chitrakar\/direitos reservados<\/strong><\/h6>\n\n\n\n<p>Os representantes da OMS, contudo, negaram que o an\u00fancio signifique uma manifesta\u00e7\u00e3o de desconfian\u00e7a com a China.<\/p>\n\n\n\n<p>\u201cA China est\u00e1 tendo um novo patamar para este surto. Meu respeito e agradecimento para os profissionais de sa\u00fade que, no meio do Festival de Primavera, est\u00e3o trabalhando por 24 horas, durante sete dias por semana, para salvar vidas e colocar o surto em controle\u201d, afirmou o diretor da organiza\u00e7\u00e3o, Tedros Adhanom.<\/p>\n\n\n\n<p>A OMS afirmou que n\u00e3o h\u00e1 necessidade de medidas para evitar viagens ou com\u00e9rcio internacional com a China. Al\u00e9m disso, apresentou um conjunto de recomenda\u00e7\u00f5es, como apoio a pa\u00edses com sistemas de sa\u00fade mais prec\u00e1rios, combate a rumores e desinforma\u00e7\u00e3o, desenvolvimento de recursos para identificar, isolar e cuidar dos casos, al\u00e9m do compartilhamento de dados e conhecimento sobre o v\u00edrus.<\/p>\n\n\n\n<p>\u201cPa\u00edses devem trabalhar juntos no esp\u00edrito de solidariedade e coopera\u00e7\u00e3o. Estamos nessa juntos e s\u00f3 podemos parar juntos. Este \u00e9 o tempo de fatos, n\u00e3o medo, para ci\u00eancia, n\u00e3o rumores, para solidariedade, n\u00e3o estigma\u201d, destacou Adhanom.<\/p>\n\n\n\n<figure class=\"wp-block-image\"><img decoding=\"async\" data-src=\"http:\/\/imagens.ebc.com.br\/UExFALEE7sLINnAbQuz8d1OOzdc=\/754x0\/smart\/http:\/\/agenciabrasil.ebc.com.br\/sites\/default\/files\/thumbnails\/image\/2020-01-29t112427z_1560372915_rc2npe947o0j_rtrmadp_3_china-health-india.jpg?itok=u72ENHBT\" alt=\"Ala de hospital na \u00cdndia preparada para receber pessoas com coronav\u00edrus, na cidade de Chennai\" src=\"data:image\/svg+xml;base64,PHN2ZyB3aWR0aD0iMSIgaGVpZ2h0PSIxIiB4bWxucz0iaHR0cDovL3d3dy53My5vcmcvMjAwMC9zdmciPjwvc3ZnPg==\" class=\"lazyload\" \/><\/figure>\n\n\n\n<h6 class=\"wp-block-heading\">Ala de hospital na \u00cdndia preparada para receber pessoas com coronav\u00edrus, na cidade de Chennai &#8211;&nbsp;<strong>REUTERS\/P. Ravikumar\/Direitos Reservados<\/strong><\/h6>\n\n\n\n<h2 class=\"wp-block-heading\">Hist\u00f3rico<\/h2>\n\n\n\n<p>Os coronav\u00edrus s\u00e3o conhecidos desde meados dos anos 1960 e j\u00e1 estiveram associados a outros epis\u00f3dios de alerta internacional nos \u00faltimos anos. Em 2002, uma variante gerou um surto de s\u00edndrome respirat\u00f3ria aguda grave (Sars) que tamb\u00e9m teve in\u00edcio na China e atingiu mais de 8 mil pessoas. Em 2012, um novo coronav\u00edrus causou uma s\u00edndrome respirat\u00f3ria no Oriente M\u00e9dio que foi chamada de Mers.<\/p>\n\n\n\n<figure class=\"wp-block-image\"><img decoding=\"async\" data-src=\"http:\/\/imagens.ebc.com.br\/XGohZ3QzwWnCv2us0Dia46JxXWU=\/754x0\/smart\/http:\/\/agenciabrasil.ebc.com.br\/sites\/default\/files\/thumbnails\/image\/2020-01-29t092333z_294138988_rc2lpe9flkct_rtrmadp_3_china-health-southkorea.jpg?itok=TEsLIWxT\" alt=\"Um homem com seu filho em Seul, na Coreia do Sul \" src=\"data:image\/svg+xml;base64,PHN2ZyB3aWR0aD0iMSIgaGVpZ2h0PSIxIiB4bWxucz0iaHR0cDovL3d3dy53My5vcmcvMjAwMC9zdmciPjwvc3ZnPg==\" class=\"lazyload\" \/><\/figure>\n\n\n\n<h6 class=\"wp-block-heading\">Um homem com seu filho, ambos de m\u00e1scara, em Seul, na Coreia do Sul &#8211;&nbsp;<strong>Reuters\/Heo Ran\/direitos reservados<\/strong><\/h6>\n\n\n\n<p>A atual transmiss\u00e3o foi identificada em 7 de janeiro. O escrit\u00f3rio da OMS&nbsp;na China buscava respostas para casos de uma pneumonia de etiologia at\u00e9 ent\u00e3o desconhecida que afetava moradores na cidade de Wuhan. No dia 11 de janeiro foi apontado um mercado de frutos do mar como o local de origem da transmiss\u00e3o. O espa\u00e7o foi fechado pelo governo chin\u00eas.<\/p>\n\n\n\n<h2 class=\"wp-block-heading\">Entenda o que \u00e9 Emerg\u00eancia global<\/h2>\n\n\n\n<p>Uma emerg\u00eancia de sa\u00fade p\u00fablica de interesse internacional (PHEIC, na sigla em ingl\u00eas) \u00e9 uma declara\u00e7\u00e3o formal da Organiza\u00e7\u00e3o Mundial da Sa\u00fade (OMS) de \u201cum evento extraordin\u00e1rio que pode constituir um risco de sa\u00fade p\u00fablica a outros pa\u00edses por meio da dissemina\u00e7\u00e3o, e que requer uma resposta internacional coordenada\u201d.<\/p>\n\n\n\n<p>Segundo o Regulamento Sanit\u00e1rio Internacional (RSI), do qual o Brasil \u00e9 signat\u00e1rio, os pa\u00edses que fazem parte do grupo devem atender prontamente \u00e0s recomenda\u00e7\u00f5es e pr\u00e1ticas publicadas pelo documento de emerg\u00eancia, e os governos e autoridades respons\u00e1veis devem organizar e colocar em pr\u00e1tica planos de a\u00e7\u00e3o para conter a amea\u00e7a sanit\u00e1ria. De acordo com o RSI, as declara\u00e7\u00f5es s\u00e3o tempor\u00e1rias e devem ser reavaliadas a cada tr\u00eas meses.<\/p>\n\n\n\n<p>De acordo com o diretor-geral da OMS, o coronav\u00edrus (2019-nCoV) atende aos crit\u00e9rios da declara\u00e7\u00e3o de emerg\u00eancia.<\/p>\n\n\n\n<p>Essa \u00e9 a sexta vez em que o recurso \u00e9 usado. A declara\u00e7\u00e3o de emerg\u00eancia havia sido emitida no surto de s\u00edndrome respirat\u00f3ria aguda grave (Sars), em 2002\/2003; na pandemia de 2009 de H1N1 (tamb\u00e9m chamada de febre su\u00edna); na declara\u00e7\u00e3o de emerg\u00eancia de poliomielite, em 2014; na epidemia de ebola na \u00c1frica Ocidental, tamb\u00e9m em 2014; no surto de microcefalia em decorr\u00eancia v\u00edrus Zika, cujo principal foco de infesta\u00e7\u00e3o foi o Brasil, em 2015\/2016, e na epidemia de ebola em Kivu, no Congo, em 2019.<\/p>\n\n\n\n<p>Das vezes em que foi institu\u00edda, apenas a declara\u00e7\u00e3o de emerg\u00eancia sobre a epidemia de Kivu continua ativa.<\/p>\n\n\n\n<figure class=\"wp-block-image\"><img decoding=\"async\" data-src=\"http:\/\/imagens.ebc.com.br\/d_2j3vSTc--cVI1IidNO8hwiES4=\/754x0\/smart\/http:\/\/agenciabrasil.ebc.com.br\/sites\/default\/files\/thumbnails\/image\/arte_declaracao_emergencia_abr_30jan2020_0.png?itok=E3EHO7ff\" alt=\"Entenda quando a Organiza\u00e7\u00e3o Mundial da Sa\u00fade decretou estado de emerg\u00eancia internacional\" src=\"data:image\/svg+xml;base64,PHN2ZyB3aWR0aD0iMSIgaGVpZ2h0PSIxIiB4bWxucz0iaHR0cDovL3d3dy53My5vcmcvMjAwMC9zdmciPjwvc3ZnPg==\" class=\"lazyload\" \/><\/figure>\n\n\n\n<h2 class=\"wp-block-heading\">Novo regulamento<\/h2>\n\n\n\n<p>O Di\u00e1rio Oficial da Uni\u00e3o publicou hoje (30), em edi\u00e7\u00e3o extraordin\u00e1ria, a promulga\u00e7\u00e3o do novo texto do Regulamento Sanit\u00e1rio Internacional &#8211; o tratado que define as regras, normas e a\u00e7\u00f5es que devem ser tomadas por pa\u00edses signat\u00e1rios em casos de sa\u00fade p\u00fablica que apesentem riscos \u00e0 comunidade internacional -. O novo texto \u00e9 assinado pelo presidente Jair Bolsonaro, e acolhe revis\u00f5es feitas no documento de 2005. O texto da resolu\u00e7\u00e3o revisada pode ser lido pelo\u00a0<a rel=\"noreferrer noopener\" href=\"http:\/\/www.in.gov.br\/web\/dou\/-\/decreto-n-10.212-de-30-de-janeiro-de-2020-240647604\" target=\"_blank\">site da Imprensa Nacional<\/a>.<\/p>\n\n\n\n<p>Ag\u00eancia Brasil <\/p>\n","protected":false},"excerpt":{"rendered":"<p>A Organiza\u00e7\u00e3o Mundial da&nbsp;Sa\u00fade (OMS) declarou estado de emerg\u00eancia global em raz\u00e3o da dissemina\u00e7\u00e3o do coronav\u00edrus. A entidade fez o an\u00fancio \u00e0 imprensa em sua&hellip; <\/p>\n","protected":false},"author":1,"featured_media":150496,"comment_status":"closed","ping_status":"closed","sticky":false,"template":"","format":"standard","meta":{"sfsi_plus_gutenberg_text_before_share":"","sfsi_plus_gutenberg_show_text_before_share":"","sfsi_plus_gutenberg_icon_type":"","sfsi_plus_gutenberg_icon_alignemt":"","sfsi_plus_gutenburg_max_per_row":"","footnotes":""},"categories":[2],"tags":[],"class_list":["post-150495","post","type-post","status-publish","format-standard","has-post-thumbnail","hentry","category-geral"],"_links":{"self":[{"href":"https:\/\/www.caririemacao.com\/1\/wp-json\/wp\/v2\/posts\/150495","targetHints":{"allow":["GET"]}}],"collection":[{"href":"https:\/\/www.caririemacao.com\/1\/wp-json\/wp\/v2\/posts"}],"about":[{"href":"https:\/\/www.caririemacao.com\/1\/wp-json\/wp\/v2\/types\/post"}],"author":[{"embeddable":true,"href":"https:\/\/www.caririemacao.com\/1\/wp-json\/wp\/v2\/users\/1"}],"replies":[{"embeddable":true,"href":"https:\/\/www.caririemacao.com\/1\/wp-json\/wp\/v2\/comments?post=150495"}],"version-history":[{"count":1,"href":"https:\/\/www.caririemacao.com\/1\/wp-json\/wp\/v2\/posts\/150495\/revisions"}],"predecessor-version":[{"id":150497,"href":"https:\/\/www.caririemacao.com\/1\/wp-json\/wp\/v2\/posts\/150495\/revisions\/150497"}],"wp:featuredmedia":[{"embeddable":true,"href":"https:\/\/www.caririemacao.com\/1\/wp-json\/wp\/v2\/media\/150496"}],"wp:attachment":[{"href":"https:\/\/www.caririemacao.com\/1\/wp-json\/wp\/v2\/media?parent=150495"}],"wp:term":[{"taxonomy":"category","embeddable":true,"href":"https:\/\/www.caririemacao.com\/1\/wp-json\/wp\/v2\/categories?post=150495"},{"taxonomy":"post_tag","embeddable":true,"href":"https:\/\/www.caririemacao.com\/1\/wp-json\/wp\/v2\/tags?post=150495"}],"curies":[{"name":"wp","href":"https:\/\/api.w.org\/{rel}","templated":true}]}}