{"id":150498,"date":"2020-01-31T07:29:07","date_gmt":"2020-01-31T10:29:07","guid":{"rendered":"http:\/\/www.caririemacao.com\/1\/?p=150498"},"modified":"2020-01-31T07:29:09","modified_gmt":"2020-01-31T10:29:09","slug":"bolsonaro-anuncia-r-892-milhoes-para-cidades-atingidas-por-chuvas","status":"publish","type":"post","link":"https:\/\/www.caririemacao.com\/1\/2020\/01\/31\/bolsonaro-anuncia-r-892-milhoes-para-cidades-atingidas-por-chuvas\/","title":{"rendered":"Bolsonaro anuncia R$ 892 milh\u00f5es para cidades atingidas por chuvas"},"content":{"rendered":"\n<p>O presidente Jair Bolsonaro anunciou hoje (30) a libera\u00e7\u00e3o de R$ 892 milh\u00f5es em recursos federais para a\u00e7\u00f5es de reconstru\u00e7\u00e3o da infraestrutura em munic\u00edpios atingidos pelas fortes chuvas que ocorrem na Regi\u00e3o Sudeste h\u00e1 mais de uma semana, principalmente em Minas Gerais, no Esp\u00edrito Santo e no Rio de Janeiro.<\/p>\n\n\n\n<p>O an\u00fancio foi feito em Belo Horizonte, ap\u00f3s o presidente se reunir com ministros e o governador do estado, Romeu Zema. Eles fizeram um sobrevoo sobre algumas das \u00e1reas mais atingidas pelas chuvas.<\/p>\n\n\n\n<p>Os recursos ser\u00e3o liberados por meio de medida provis\u00f3ria, que abre um cr\u00e9dito extraordin\u00e1rio em favor do Minist\u00e9rio do Desenvolvimento Regional (MDR).<\/p>\n\n\n\n<p>&#8220;Estamos trabalhando ombro a ombro para buscar mitigar os problemas ocorridos com essa cat\u00e1strofe, que aconteceu nos \u00faltimo dias&#8221;, afirmou Bolsonaro, em um breve pronunciamento \u00e0 imprensa. O presidente retorna a Bras\u00edlia ainda na tarde desta quinta-feira.<\/p>\n\n\n\n<figure class=\"wp-block-image\"><a href=\"https:\/\/twitter.com\/planalto\"><img decoding=\"async\" data-src=\"https:\/\/pbs.twimg.com\/profile_images\/1219261361152307202\/hGuiCwmX_bigger.jpg\" alt=\"\" src=\"data:image\/svg+xml;base64,PHN2ZyB3aWR0aD0iMSIgaGVpZ2h0PSIxIiB4bWxucz0iaHR0cDovL3d3dy53My5vcmcvMjAwMC9zdmciPjwvc3ZnPg==\" class=\"lazyload\" \/><\/a><\/figure>\n\n\n\n<p><a href=\"https:\/\/twitter.com\/planalto\"><strong>Planalto<\/strong><strong>&#x2714;<\/strong>@planalto<\/a>&nbsp;\u00b7&nbsp;<a href=\"https:\/\/twitter.com\/planalto\/status\/1222977319091998720\">13<abbr title=\" horas\">h<\/abbr><\/a><a href=\"https:\/\/twitter.com\/planalto\/status\/1222977319091998720\"><\/a><a href=\"https:\/\/twitter.com\/_\/status\/1222977316428664833\">Respondendo a @planalto<\/a><\/p>\n\n\n\n<p>O presidente foi recebido pelo governador de Minas Gerais, <a href=\"https:\/\/twitter.com\/RomeuZema\">@RomeuZema<\/a>, no Aeroporto Internacional de Belo Horizonte. Na sequ\u00eancia, sobrevoaram grande parte da \u00e1rea atingida pelas tempestades.<\/p>\n\n\n\n<figure class=\"wp-block-image\"><a href=\"https:\/\/twitter.com\/planalto\"><img decoding=\"async\" data-src=\"https:\/\/pbs.twimg.com\/profile_images\/1219261361152307202\/hGuiCwmX_bigger.jpg\" alt=\"\" src=\"data:image\/svg+xml;base64,PHN2ZyB3aWR0aD0iMSIgaGVpZ2h0PSIxIiB4bWxucz0iaHR0cDovL3d3dy53My5vcmcvMjAwMC9zdmciPjwvc3ZnPg==\" class=\"lazyload\" \/><\/a><\/figure>\n\n\n\n<p><a href=\"https:\/\/twitter.com\/planalto\"><strong>Planalto<\/strong><strong>&#x2714;<\/strong>@planalto<\/a><\/p>\n\n\n\n<p>Ap\u00f3s o sobrevoo de helic\u00f3ptero, <a href=\"https:\/\/twitter.com\/jairbolsonaro\">@jairbolsonaro<\/a> se reuniu com autoridades para entender melhor a situa\u00e7\u00e3o e divulgar a libera\u00e7\u00e3o de recursos para mitigar os efeitos causados aos Estados do Esp\u00edrito Santo, Minas Gerais e Rio de Janeiro atingidos com fortes enchentes.<a href=\"https:\/\/twitter.com\/intent\/like?tweet_id=1222977322002853890\">217<\/a><a href=\"https:\/\/twitter.com\/planalto\/status\/1222977322002853890\">17:18 &#8211; 30 de jan de 2020<\/a><a href=\"https:\/\/support.twitter.com\/articles\/20175256\">Informa\u00e7\u00f5es e privacidade no Twitter Ads<\/a><a href=\"https:\/\/twitter.com\/planalto\/status\/1222977322002853890\">51 pessoas est\u00e3o falando sobre isso<\/a><\/p>\n\n\n\n<p>Segundo o governo de Minas Gerais, at\u00e9 agora 55 pessoas morreram no estado em decorr\u00eancia das chuvas e cerca de 30 mil est\u00e3o desabrigadas. Nos tr\u00eas estados mais atingidos pelas chuvas, um total de 123 munic\u00edpios teve situa\u00e7\u00e3o de emerg\u00eancia reconhecida pelo governo federal.<\/p>\n\n\n\n<p>&#8220;Parece-me que o pior j\u00e1 ficou para tr\u00e1s, mas o estado estar\u00e1 atento a tudo&#8221;, disse o governador Romeu Zema.<\/p>\n\n\n\n<p>O ministro Gustavo Canuto, do Desenvolvimento Regional, afirmou que pasta vai montar uma for\u00e7a-tarefa para receber e processar os pedidos solicitados pelas prefeituras o mais r\u00e1pido poss\u00edvel.&nbsp;<\/p>\n\n\n\n<p>&#8220;O sistema nacional de prote\u00e7\u00e3o e defesa civil funcionou em suas tr\u00eas esferas, municipal, estadual e federal. Aqui, o presidente Jair Bolsonaro, numa demonstra\u00e7\u00e3o clara da preocupa\u00e7\u00e3o dos &nbsp;estados de Minas Gerais, Esp\u00edrito Santo e Rio de Janeiro, disponibilizando R$ 1 bilh\u00e3o para as a\u00e7\u00f5es de restabelecimento de servi\u00e7os essenciais, reconstru\u00e7\u00e3o de todas as estruturas danificadas. Os munic\u00edpios devem apresentar essas demandas ao Minist\u00e9rio do Desenvolvimento Regional&#8221;.<\/p>\n\n\n\n<p>Al\u00e9m da libera\u00e7\u00e3o de recursos extras, o governo federal informou que tem atuado, por meio do Minist\u00e9rio da Sa\u00fade, na distribui\u00e7\u00e3o de mais de duas toneladas de medicamentos paras a regi\u00f5es mais atingidas. O pagamento do Bolsa Fam\u00edlia e o saque do Fundo de Garantia do Tempo de Servi\u00e7o (FGTS) para as v\u00edtimas das chuvas tamb\u00e9m ser\u00e1 antecipado.<\/p>\n\n\n\n<p>Ag\u00eancia Brasil <\/p>\n","protected":false},"excerpt":{"rendered":"<p>O presidente Jair Bolsonaro anunciou hoje (30) a libera\u00e7\u00e3o de R$ 892 milh\u00f5es em recursos federais para a\u00e7\u00f5es de reconstru\u00e7\u00e3o da infraestrutura em munic\u00edpios atingidos&hellip; <\/p>\n","protected":false},"author":1,"featured_media":150499,"comment_status":"closed","ping_status":"closed","sticky":false,"template":"","format":"standard","meta":{"sfsi_plus_gutenberg_text_before_share":"","sfsi_plus_gutenberg_show_text_before_share":"","sfsi_plus_gutenberg_icon_type":"","sfsi_plus_gutenberg_icon_alignemt":"","sfsi_plus_gutenburg_max_per_row":"","footnotes":""},"categories":[11],"tags":[],"class_list":["post-150498","post","type-post","status-publish","format-standard","has-post-thumbnail","hentry","category-politica"],"_links":{"self":[{"href":"https:\/\/www.caririemacao.com\/1\/wp-json\/wp\/v2\/posts\/150498","targetHints":{"allow":["GET"]}}],"collection":[{"href":"https:\/\/www.caririemacao.com\/1\/wp-json\/wp\/v2\/posts"}],"about":[{"href":"https:\/\/www.caririemacao.com\/1\/wp-json\/wp\/v2\/types\/post"}],"author":[{"embeddable":true,"href":"https:\/\/www.caririemacao.com\/1\/wp-json\/wp\/v2\/users\/1"}],"replies":[{"embeddable":true,"href":"https:\/\/www.caririemacao.com\/1\/wp-json\/wp\/v2\/comments?post=150498"}],"version-history":[{"count":1,"href":"https:\/\/www.caririemacao.com\/1\/wp-json\/wp\/v2\/posts\/150498\/revisions"}],"predecessor-version":[{"id":150500,"href":"https:\/\/www.caririemacao.com\/1\/wp-json\/wp\/v2\/posts\/150498\/revisions\/150500"}],"wp:featuredmedia":[{"embeddable":true,"href":"https:\/\/www.caririemacao.com\/1\/wp-json\/wp\/v2\/media\/150499"}],"wp:attachment":[{"href":"https:\/\/www.caririemacao.com\/1\/wp-json\/wp\/v2\/media?parent=150498"}],"wp:term":[{"taxonomy":"category","embeddable":true,"href":"https:\/\/www.caririemacao.com\/1\/wp-json\/wp\/v2\/categories?post=150498"},{"taxonomy":"post_tag","embeddable":true,"href":"https:\/\/www.caririemacao.com\/1\/wp-json\/wp\/v2\/tags?post=150498"}],"curies":[{"name":"wp","href":"https:\/\/api.w.org\/{rel}","templated":true}]}}