{"id":150512,"date":"2020-01-31T07:43:03","date_gmt":"2020-01-31T10:43:03","guid":{"rendered":"http:\/\/www.caririemacao.com\/1\/?p=150512"},"modified":"2020-01-31T07:43:05","modified_gmt":"2020-01-31T10:43:05","slug":"lesionadozagueiro-do-treze-diz-que-clube-deixou-de-pagar-seus-salarios","status":"publish","type":"post","link":"https:\/\/www.caririemacao.com\/1\/2020\/01\/31\/lesionadozagueiro-do-treze-diz-que-clube-deixou-de-pagar-seus-salarios\/","title":{"rendered":"Lesionado,zagueiro do Treze diz que clube deixou de pagar seus sal\u00e1rios"},"content":{"rendered":"\n<p>Lesionado ainda na primeira semana da pr\u00e9-temporada, o zagueiro \u00cdtalo, do Treze, fez um desabafo durante uma entrevista ao canal Futebol no Boteco, no Youtube.<\/p>\n\n\n\n<p>O defensor revelou que a diretoria do Galo deixou de pagar o seu sal\u00e1rio ap\u00f3s a les\u00e3o. No Treze desde 2017, \u00cdtalo fez parte do time que conquistou o acesso \u00e0 S\u00e9rie C em 2018.<\/p>\n\n\n\n<p>\u201cNesse momento que estou machucado fiquei muito chateado. Se o sal\u00e1rio tivesse atrasado para o elenco todo, tudo bem. Agora o elenco receber e n\u00e3o pagar a voc\u00ea me deixou muito triste. Estou indo atr\u00e1s, mandei mensagem para o diretor [Ivandro Filho] e n\u00e3o me respondeu. Vai fechar janeiro, pagaram o pessoal dia 10. Vou fazer dois meses operado, por lei era para o clube ter renovado meu contrato, mas nem isso estou cobrando, estou deixando eles bem a vontade\u201d, disse \u00cdtalo.<\/p>\n\n\n\n<p>O zagueiro lembra que antes de se lesionar no gramado do est\u00e1dio Presidente Vargas, foi aprovado nos exames m\u00e9dicos do clube, afastando a possibilidade de ter se apresentado machucado. Ele ainda lamenta o desinteresse dos dirigentes em sua recupera\u00e7\u00e3o.<\/p>\n\n\n\n<p>\u201cNa ter\u00e7a-feira os m\u00e9dicos me liberaram e na quarta-feira machuquei. Felizmente meu joelho foi para tr\u00e1s, n\u00e3o chegou a ter a ruptura total, mas o doutor optou por fazer a cirurgia. Mesmo assim fiquei chateado. Demoraram a fazer o exame, eu tive que est\u00e1 pedindo, demorou at\u00e9 para muleta chegar at\u00e9 a mim. Precisava est\u00e1 ligando\u201d, lamentou.<\/p>\n\n\n\n<p><strong>O que diz o Treze<\/strong><\/p>\n\n\n\n<p>Procurada pela reportagem do&nbsp;<strong>MaisPB<\/strong>, a assessoria de imprensa do clube disse que parte do sal\u00e1rio referente a dezembro est\u00e1 realmente atrasado, mas que a diretoria se comprometeu a quitar o d\u00e9bito na pr\u00f3xima semana. O Treze ainda alega que como a les\u00e3o de \u00cdtalo \u00e9 grave, quem ficaria pagando ao atleta seria o INSS [Instituto Nacional do Seguro Social].<\/p>\n\n\n\n<p><strong>Treze barra jornalista&nbsp;<\/strong><\/p>\n\n\n\n<p>Ap\u00f3s a queixa do zagueiro \u00cdtalo na entrevista ao canal Futebol no Boteco, o Treze decidiu barrar a entrada do jornalista Afonso Carlos, um dos entrevistadores do programa. A decis\u00e3o foi tomada pelo presidente Walter J\u00fanior, desagradando o departamento de comunica\u00e7\u00e3o do clube.<\/p>\n\n\n\n<p>Mais PB <\/p>\n","protected":false},"excerpt":{"rendered":"<p>Lesionado ainda na primeira semana da pr\u00e9-temporada, o zagueiro \u00cdtalo, do Treze, fez um desabafo durante uma entrevista ao canal Futebol no Boteco, no Youtube.&hellip; <\/p>\n","protected":false},"author":1,"featured_media":150513,"comment_status":"closed","ping_status":"closed","sticky":false,"template":"","format":"standard","meta":{"sfsi_plus_gutenberg_text_before_share":"","sfsi_plus_gutenberg_show_text_before_share":"","sfsi_plus_gutenberg_icon_type":"","sfsi_plus_gutenberg_icon_alignemt":"","sfsi_plus_gutenburg_max_per_row":"","footnotes":""},"categories":[13],"tags":[],"class_list":["post-150512","post","type-post","status-publish","format-standard","has-post-thumbnail","hentry","category-esportes"],"_links":{"self":[{"href":"https:\/\/www.caririemacao.com\/1\/wp-json\/wp\/v2\/posts\/150512","targetHints":{"allow":["GET"]}}],"collection":[{"href":"https:\/\/www.caririemacao.com\/1\/wp-json\/wp\/v2\/posts"}],"about":[{"href":"https:\/\/www.caririemacao.com\/1\/wp-json\/wp\/v2\/types\/post"}],"author":[{"embeddable":true,"href":"https:\/\/www.caririemacao.com\/1\/wp-json\/wp\/v2\/users\/1"}],"replies":[{"embeddable":true,"href":"https:\/\/www.caririemacao.com\/1\/wp-json\/wp\/v2\/comments?post=150512"}],"version-history":[{"count":1,"href":"https:\/\/www.caririemacao.com\/1\/wp-json\/wp\/v2\/posts\/150512\/revisions"}],"predecessor-version":[{"id":150514,"href":"https:\/\/www.caririemacao.com\/1\/wp-json\/wp\/v2\/posts\/150512\/revisions\/150514"}],"wp:featuredmedia":[{"embeddable":true,"href":"https:\/\/www.caririemacao.com\/1\/wp-json\/wp\/v2\/media\/150513"}],"wp:attachment":[{"href":"https:\/\/www.caririemacao.com\/1\/wp-json\/wp\/v2\/media?parent=150512"}],"wp:term":[{"taxonomy":"category","embeddable":true,"href":"https:\/\/www.caririemacao.com\/1\/wp-json\/wp\/v2\/categories?post=150512"},{"taxonomy":"post_tag","embeddable":true,"href":"https:\/\/www.caririemacao.com\/1\/wp-json\/wp\/v2\/tags?post=150512"}],"curies":[{"name":"wp","href":"https:\/\/api.w.org\/{rel}","templated":true}]}}