{"id":150515,"date":"2020-01-31T07:44:40","date_gmt":"2020-01-31T10:44:40","guid":{"rendered":"http:\/\/www.caririemacao.com\/1\/?p=150515"},"modified":"2020-01-31T07:44:43","modified_gmt":"2020-01-31T10:44:43","slug":"hospitais-da-pb-estao-prontos-para-coronavirus","status":"publish","type":"post","link":"https:\/\/www.caririemacao.com\/1\/2020\/01\/31\/hospitais-da-pb-estao-prontos-para-coronavirus\/","title":{"rendered":"Hospitais da PB est\u00e3o prontos para coronav\u00edrus"},"content":{"rendered":"\n<p>Duas unidades de Sa\u00fade da Para\u00edba est\u00e3o preparadas e uma em an\u00e1lise para tratar e conter eventuais casos do coronav\u00edrus, que tem como sintomas principais a tosse, febre e dificuldades respirat\u00f3rias.<\/p>\n\n\n\n<p>Ao Hora H, da Rede Mais de R\u00e1dio, transmitido em Jo\u00e3o Pessoa pela R\u00e1dio Pop FM 89.3 (<strong><em>ou\u00e7a abaixo<\/em><\/strong>), o secret\u00e1rio de Sa\u00fade do Estado, Geraldo Medeiros, informou que os hospitais Clementino Fraga e o Universit\u00e1rio Lauro Wanderley, em Jo\u00e3o Pessoa, est\u00e3o com UTIs dispon\u00edveis e isoladas para supostos casos da doen\u00e7a. Al\u00e9m dessa unidades, o Hospital Universit\u00e1rio Alcides Carneiro, em Campina Grande, poder\u00e1 ser usado.<\/p>\n\n\n\n<p>\u201cN\u00f3s temos em um momento como este ter transpar\u00eancia com a opini\u00e3o p\u00fablica e ao mesmo tempo tranquilizar os paraibanos. N\u00f3s n\u00e3o temos nenhum caso confirmado ainda na Am\u00e9rica do Sul, mas claro que teremos brevemente no Brasil. Trata-se de um v\u00edrus novo, de alto poder de dissemina\u00e7\u00e3o. \u00c9 importante que nos preparemos para eventualidades e a secretaria de Sa\u00fade est\u00e1 preparada\u201d, destacou Medeiros.<\/p>\n\n\n\n<p>A Secretaria de Sa\u00fade da Para\u00edba convocou para esta sexta-feira (31), \u00e0s 11h,\u00a0<a href=\"https:\/\/www.maispb.com.br\/443630\/paraiba-prepara-plano-de-acao-contra-coronavirus-apos-suspeita-no-ceara.html\"><strong>uma coletiva de imprensa acerca da suspeita de Coronav\u00edrus no estado vizinho do Cear\u00e1<\/strong><\/a>. De acordo com o Minist\u00e9rio da Sa\u00fade, o Cear\u00e1 segue com uma suspeita de paciente hospitalizado com o novo coronav\u00edrus. O paciente esteve na China por 90 dias a trabalho e retornou ao Brasil h\u00e1 13 dias. Em todo o Brasil, s\u00e3o nove casos suspeitos, mas sem confirma\u00e7\u00e3o da doen\u00e7a.<\/p>\n\n\n\n<p>Mais PB <\/p>\n","protected":false},"excerpt":{"rendered":"<p>Duas unidades de Sa\u00fade da Para\u00edba est\u00e3o preparadas e uma em an\u00e1lise para tratar e conter eventuais casos do coronav\u00edrus, que tem como sintomas principais&hellip; <\/p>\n","protected":false},"author":1,"featured_media":150516,"comment_status":"closed","ping_status":"closed","sticky":false,"template":"","format":"standard","meta":{"sfsi_plus_gutenberg_text_before_share":"","sfsi_plus_gutenberg_show_text_before_share":"","sfsi_plus_gutenberg_icon_type":"","sfsi_plus_gutenberg_icon_alignemt":"","sfsi_plus_gutenburg_max_per_row":"","footnotes":""},"categories":[16],"tags":[],"class_list":["post-150515","post","type-post","status-publish","format-standard","has-post-thumbnail","hentry","category-saude"],"_links":{"self":[{"href":"https:\/\/www.caririemacao.com\/1\/wp-json\/wp\/v2\/posts\/150515","targetHints":{"allow":["GET"]}}],"collection":[{"href":"https:\/\/www.caririemacao.com\/1\/wp-json\/wp\/v2\/posts"}],"about":[{"href":"https:\/\/www.caririemacao.com\/1\/wp-json\/wp\/v2\/types\/post"}],"author":[{"embeddable":true,"href":"https:\/\/www.caririemacao.com\/1\/wp-json\/wp\/v2\/users\/1"}],"replies":[{"embeddable":true,"href":"https:\/\/www.caririemacao.com\/1\/wp-json\/wp\/v2\/comments?post=150515"}],"version-history":[{"count":1,"href":"https:\/\/www.caririemacao.com\/1\/wp-json\/wp\/v2\/posts\/150515\/revisions"}],"predecessor-version":[{"id":150517,"href":"https:\/\/www.caririemacao.com\/1\/wp-json\/wp\/v2\/posts\/150515\/revisions\/150517"}],"wp:featuredmedia":[{"embeddable":true,"href":"https:\/\/www.caririemacao.com\/1\/wp-json\/wp\/v2\/media\/150516"}],"wp:attachment":[{"href":"https:\/\/www.caririemacao.com\/1\/wp-json\/wp\/v2\/media?parent=150515"}],"wp:term":[{"taxonomy":"category","embeddable":true,"href":"https:\/\/www.caririemacao.com\/1\/wp-json\/wp\/v2\/categories?post=150515"},{"taxonomy":"post_tag","embeddable":true,"href":"https:\/\/www.caririemacao.com\/1\/wp-json\/wp\/v2\/tags?post=150515"}],"curies":[{"name":"wp","href":"https:\/\/api.w.org\/{rel}","templated":true}]}}