{"id":150519,"date":"2020-01-31T07:46:11","date_gmt":"2020-01-31T10:46:11","guid":{"rendered":"http:\/\/www.caririemacao.com\/1\/?p=150519"},"modified":"2020-01-31T07:46:13","modified_gmt":"2020-01-31T10:46:13","slug":"operacao-apreende-32-toneladas-de-aluminio","status":"publish","type":"post","link":"https:\/\/www.caririemacao.com\/1\/2020\/01\/31\/operacao-apreende-32-toneladas-de-aluminio\/","title":{"rendered":"Opera\u00e7\u00e3o apreende 32 toneladas de alum\u00ednio"},"content":{"rendered":"\n<p>Uma opera\u00e7\u00e3o conjunta da Secretaria de Estado da Fazenda (Sefaz-PB) com a Pol\u00edcia Rodovi\u00e1ria Federal (PRF) apreendeu na BR-101 no munic\u00edpio de Mamanguape, Litoral Norte da Para\u00edba, uma carga de 32 toneladas de cabos de alum\u00ednio, que estava sendo transportada oriundo do Cear\u00e1, com nota fiscal inid\u00f4nea. A opera\u00e7\u00e3o foi conduzida pelos auditores fiscais da Primeira Ger\u00eancia Regional da Sefaz, com sede em Jo\u00e3o Pessoa.<\/p>\n\n\n\n<p>Ap\u00f3s abordagem constatar o documento irregular, os auditores fiscais conduziram o caminh\u00e3o com os dez rolos de cabos de alum\u00ednio de alta tens\u00e3o para o dep\u00f3sito da Sefaz, no Distrito Industrial de Jo\u00e3o Pessoa, para fazer o auto da infra\u00e7\u00e3o, contabilizar &nbsp;e calcular o tributo e a multa que juntas somadas chegaram a R$ 112.320,00. &nbsp;O valor j\u00e1 foi pago e a carga liberada.<\/p>\n\n\n\n<p><strong>Fiscaliza\u00e7\u00e3o intensificada pela Sefaz-PB<\/strong><\/p>\n\n\n\n<p>Os postos fiscais da Secretaria de Estado da Fazenda (Sefaz-PB) e as equipes de fiscaliza\u00e7\u00e3o em tr\u00e2nsito das cinco Ger\u00eancias Regionais (Jo\u00e3o Pessoa, Guarabira, Campina Grande, Patos e Sousa) t\u00eam intensificado o trabalho de fiscaliza\u00e7\u00e3o de cargas nas rodovias, nas divisas e em pontos estrat\u00e9gicos das rodovias em a\u00e7\u00f5es fiscais m\u00f3veis e inteligentes. O objetivo \u00e9 combater a sonega\u00e7\u00e3o fiscal e coibir a circula\u00e7\u00e3o de mercadoria com documenta\u00e7\u00e3o ou inscri\u00e7\u00e3o pendente de regularidade e sem o devido recolhimento do ICMS.<\/p>\n\n\n\n<p><strong>MaisPB<\/strong><\/p>\n","protected":false},"excerpt":{"rendered":"<p>Uma opera\u00e7\u00e3o conjunta da Secretaria de Estado da Fazenda (Sefaz-PB) com a Pol\u00edcia Rodovi\u00e1ria Federal (PRF) apreendeu na BR-101 no munic\u00edpio de Mamanguape, Litoral Norte&hellip; <\/p>\n","protected":false},"author":1,"featured_media":150520,"comment_status":"closed","ping_status":"closed","sticky":false,"template":"","format":"standard","meta":{"sfsi_plus_gutenberg_text_before_share":"","sfsi_plus_gutenberg_show_text_before_share":"","sfsi_plus_gutenberg_icon_type":"","sfsi_plus_gutenberg_icon_alignemt":"","sfsi_plus_gutenburg_max_per_row":"","footnotes":""},"categories":[12],"tags":[],"class_list":["post-150519","post","type-post","status-publish","format-standard","has-post-thumbnail","hentry","category-policia"],"_links":{"self":[{"href":"https:\/\/www.caririemacao.com\/1\/wp-json\/wp\/v2\/posts\/150519","targetHints":{"allow":["GET"]}}],"collection":[{"href":"https:\/\/www.caririemacao.com\/1\/wp-json\/wp\/v2\/posts"}],"about":[{"href":"https:\/\/www.caririemacao.com\/1\/wp-json\/wp\/v2\/types\/post"}],"author":[{"embeddable":true,"href":"https:\/\/www.caririemacao.com\/1\/wp-json\/wp\/v2\/users\/1"}],"replies":[{"embeddable":true,"href":"https:\/\/www.caririemacao.com\/1\/wp-json\/wp\/v2\/comments?post=150519"}],"version-history":[{"count":1,"href":"https:\/\/www.caririemacao.com\/1\/wp-json\/wp\/v2\/posts\/150519\/revisions"}],"predecessor-version":[{"id":150521,"href":"https:\/\/www.caririemacao.com\/1\/wp-json\/wp\/v2\/posts\/150519\/revisions\/150521"}],"wp:featuredmedia":[{"embeddable":true,"href":"https:\/\/www.caririemacao.com\/1\/wp-json\/wp\/v2\/media\/150520"}],"wp:attachment":[{"href":"https:\/\/www.caririemacao.com\/1\/wp-json\/wp\/v2\/media?parent=150519"}],"wp:term":[{"taxonomy":"category","embeddable":true,"href":"https:\/\/www.caririemacao.com\/1\/wp-json\/wp\/v2\/categories?post=150519"},{"taxonomy":"post_tag","embeddable":true,"href":"https:\/\/www.caririemacao.com\/1\/wp-json\/wp\/v2\/tags?post=150519"}],"curies":[{"name":"wp","href":"https:\/\/api.w.org\/{rel}","templated":true}]}}