{"id":150522,"date":"2020-01-31T08:50:35","date_gmt":"2020-01-31T11:50:35","guid":{"rendered":"http:\/\/www.caririemacao.com\/1\/?p=150522"},"modified":"2020-01-31T08:50:37","modified_gmt":"2020-01-31T11:50:37","slug":"paraibano-artilheiro-da-selecao-sub-23-deve-assinar-com-o-hertha-berlin-nesta-sexta","status":"publish","type":"post","link":"https:\/\/www.caririemacao.com\/1\/2020\/01\/31\/paraibano-artilheiro-da-selecao-sub-23-deve-assinar-com-o-hertha-berlin-nesta-sexta\/","title":{"rendered":"Paraibano artilheiro da sele\u00e7\u00e3o sub-23 deve assinar com o Hertha Berlin nesta sexta"},"content":{"rendered":"\n<p> O estilo de jogo do paraibano\u00a0Matheus Cunha agrada bastante o t\u00e9cnico J\u00fcrgen Klinsmann, que comandou as sele\u00e7\u00f5es alem\u00e3s, americana e o Bayern de Munique. Atual comandante do Hertha Berlin, o ex-jogador \u00e9 considerado um dos maiores atacantes que o futebol mundial j\u00e1 teve.<\/p>\n\n\n\n<p>A negocia\u00e7\u00e3o do paraibano&nbsp;com o Hertha Berlin ser\u00e1 na casa dos 20 milh\u00f5es de euros, algo em torno de 93 milh\u00f5es de reais, e foi toda conduzida pelo agente J\u00falio Taran, s\u00f3cio de Giuliano Bertolucci, que j\u00e1 fez transa\u00e7\u00f5es para David Luiz (Arsenal), Marquinhos (PSG) e Philippe Coutinho.<\/p>\n\n\n\n<p>Matheus Cunha, que \u00e9 o artilheiro da sele\u00e7\u00e3o sub-23 neste ciclo ol\u00edmpico, com 11 gols em 13 jogos, chegou ao RB Leipzig na temporada 2018\/19, fez at\u00e9 aqui 52 jogos e marcou oito gols.<\/p>\n\n\n\n<p>Na temporada 2017\/2018, ele se destacou pelo Sion, fazendo 10 gols em 33 partidas, quando terminou vendido para o RB Leipzig por aproximadamente 66 milh\u00f5es de reais.<\/p>\n\n\n\n<p>Revelado pelo Coritiba, Matheus&nbsp;nunca atuou profissionalmente no Brasil. Como se trata de uma transfer\u00eancia dentro da Alemanha, o Coxa n\u00e3o vai ser beneficiado com o mecanismo de solidariedade da Fifa, mesmo sendo o clube formador do jogador.<\/p>\n","protected":false},"excerpt":{"rendered":"<p>O estilo de jogo do paraibano\u00a0Matheus Cunha agrada bastante o t\u00e9cnico J\u00fcrgen Klinsmann, que comandou as sele\u00e7\u00f5es alem\u00e3s, americana e o Bayern de Munique. Atual&hellip; <\/p>\n","protected":false},"author":1,"featured_media":150523,"comment_status":"closed","ping_status":"closed","sticky":false,"template":"","format":"standard","meta":{"sfsi_plus_gutenberg_text_before_share":"","sfsi_plus_gutenberg_show_text_before_share":"","sfsi_plus_gutenberg_icon_type":"","sfsi_plus_gutenberg_icon_alignemt":"","sfsi_plus_gutenburg_max_per_row":"","footnotes":""},"categories":[13],"tags":[],"class_list":["post-150522","post","type-post","status-publish","format-standard","has-post-thumbnail","hentry","category-esportes"],"_links":{"self":[{"href":"https:\/\/www.caririemacao.com\/1\/wp-json\/wp\/v2\/posts\/150522","targetHints":{"allow":["GET"]}}],"collection":[{"href":"https:\/\/www.caririemacao.com\/1\/wp-json\/wp\/v2\/posts"}],"about":[{"href":"https:\/\/www.caririemacao.com\/1\/wp-json\/wp\/v2\/types\/post"}],"author":[{"embeddable":true,"href":"https:\/\/www.caririemacao.com\/1\/wp-json\/wp\/v2\/users\/1"}],"replies":[{"embeddable":true,"href":"https:\/\/www.caririemacao.com\/1\/wp-json\/wp\/v2\/comments?post=150522"}],"version-history":[{"count":1,"href":"https:\/\/www.caririemacao.com\/1\/wp-json\/wp\/v2\/posts\/150522\/revisions"}],"predecessor-version":[{"id":150524,"href":"https:\/\/www.caririemacao.com\/1\/wp-json\/wp\/v2\/posts\/150522\/revisions\/150524"}],"wp:featuredmedia":[{"embeddable":true,"href":"https:\/\/www.caririemacao.com\/1\/wp-json\/wp\/v2\/media\/150523"}],"wp:attachment":[{"href":"https:\/\/www.caririemacao.com\/1\/wp-json\/wp\/v2\/media?parent=150522"}],"wp:term":[{"taxonomy":"category","embeddable":true,"href":"https:\/\/www.caririemacao.com\/1\/wp-json\/wp\/v2\/categories?post=150522"},{"taxonomy":"post_tag","embeddable":true,"href":"https:\/\/www.caririemacao.com\/1\/wp-json\/wp\/v2\/tags?post=150522"}],"curies":[{"name":"wp","href":"https:\/\/api.w.org\/{rel}","templated":true}]}}