{"id":150526,"date":"2020-01-31T08:52:47","date_gmt":"2020-01-31T11:52:47","guid":{"rendered":"http:\/\/www.caririemacao.com\/1\/?p=150526"},"modified":"2020-01-31T08:52:49","modified_gmt":"2020-01-31T11:52:49","slug":"bolsonaro-da-entrada-em-hospital-das-forcas-armadas-para-fazer-exames","status":"publish","type":"post","link":"https:\/\/www.caririemacao.com\/1\/2020\/01\/31\/bolsonaro-da-entrada-em-hospital-das-forcas-armadas-para-fazer-exames\/","title":{"rendered":"Bolsonaro d\u00e1 entrada em Hospital das For\u00e7as Armadas para fazer exames"},"content":{"rendered":"\n<p>O presidente Jair Bolsonaro foi na noite desta quinta-feira (30), ao Hospital das For\u00e7as Armadas (HFA) em Bras\u00edlia para fazer exames m\u00e9dicos, no retorno de viagem a Minas Gerais. A informa\u00e7\u00e3o foi confirmada ao GLOBO por fontes do Pal\u00e1cio do Planalto.<\/p>\n\n\n\n<p>Bolsonaro passou por duas cirurgias no ano passado em decorr\u00eancia da facada que levou em setembro de 2018, durante ato de campanha em Juiz de Fora (MG). A \u00faltima foi realizada para corrigir uma h\u00e9rnia na regi\u00e3o do abd\u00f4men, onde ele faz os exames nesta quinta.<\/p>\n\n\n\n<p>Uma fonte informou que ele foi fazer &#8220;exames de rotina&#8221; na tela instalada no abd\u00f4men e na cicatriza\u00e7\u00e3o na barriga.<\/p>\n\n\n\n<p>At\u00e9 o momento, a Secretaria Especial de Comunica\u00e7\u00e3o (Secom) da Presid\u00eancia n\u00e3o se pronunciou sobre o assunto.<\/p>\n\n\n\n<p>A ida ao hospital n\u00e3o consta na agenda oficial do presidente.<\/p>\n\n\n\n<p>O presidente pousou em Bras\u00edlia pouco depois das 18h, quando se dirigiu ao HFA, situado na regi\u00e3o sudoeste da cidade.<\/p>\n\n\n\n<p>Em dezembro do ano passado, Bolsonaro passou uma noite internado no mesmo hospital depois de sofrer uma queda no banheiro do Pal\u00e1cio da Alvorada e bater a cabe\u00e7a no ch\u00e3o. Ele foi liberado horas depois, sem sequelas.<\/p>\n","protected":false},"excerpt":{"rendered":"<p>O presidente Jair Bolsonaro foi na noite desta quinta-feira (30), ao Hospital das For\u00e7as Armadas (HFA) em Bras\u00edlia para fazer exames m\u00e9dicos, no retorno de&hellip; <\/p>\n","protected":false},"author":1,"featured_media":150527,"comment_status":"closed","ping_status":"closed","sticky":false,"template":"","format":"standard","meta":{"sfsi_plus_gutenberg_text_before_share":"","sfsi_plus_gutenberg_show_text_before_share":"","sfsi_plus_gutenberg_icon_type":"","sfsi_plus_gutenberg_icon_alignemt":"","sfsi_plus_gutenburg_max_per_row":"","footnotes":""},"categories":[11],"tags":[],"class_list":["post-150526","post","type-post","status-publish","format-standard","has-post-thumbnail","hentry","category-politica"],"_links":{"self":[{"href":"https:\/\/www.caririemacao.com\/1\/wp-json\/wp\/v2\/posts\/150526","targetHints":{"allow":["GET"]}}],"collection":[{"href":"https:\/\/www.caririemacao.com\/1\/wp-json\/wp\/v2\/posts"}],"about":[{"href":"https:\/\/www.caririemacao.com\/1\/wp-json\/wp\/v2\/types\/post"}],"author":[{"embeddable":true,"href":"https:\/\/www.caririemacao.com\/1\/wp-json\/wp\/v2\/users\/1"}],"replies":[{"embeddable":true,"href":"https:\/\/www.caririemacao.com\/1\/wp-json\/wp\/v2\/comments?post=150526"}],"version-history":[{"count":1,"href":"https:\/\/www.caririemacao.com\/1\/wp-json\/wp\/v2\/posts\/150526\/revisions"}],"predecessor-version":[{"id":150528,"href":"https:\/\/www.caririemacao.com\/1\/wp-json\/wp\/v2\/posts\/150526\/revisions\/150528"}],"wp:featuredmedia":[{"embeddable":true,"href":"https:\/\/www.caririemacao.com\/1\/wp-json\/wp\/v2\/media\/150527"}],"wp:attachment":[{"href":"https:\/\/www.caririemacao.com\/1\/wp-json\/wp\/v2\/media?parent=150526"}],"wp:term":[{"taxonomy":"category","embeddable":true,"href":"https:\/\/www.caririemacao.com\/1\/wp-json\/wp\/v2\/categories?post=150526"},{"taxonomy":"post_tag","embeddable":true,"href":"https:\/\/www.caririemacao.com\/1\/wp-json\/wp\/v2\/tags?post=150526"}],"curies":[{"name":"wp","href":"https:\/\/api.w.org\/{rel}","templated":true}]}}