{"id":150529,"date":"2020-01-31T08:57:09","date_gmt":"2020-01-31T11:57:09","guid":{"rendered":"http:\/\/www.caririemacao.com\/1\/?p=150529"},"modified":"2020-01-31T08:57:11","modified_gmt":"2020-01-31T11:57:11","slug":"previsao-do-tempo-para-esta-sexta-feira-em-toda-paraiba-27","status":"publish","type":"post","link":"https:\/\/www.caririemacao.com\/1\/2020\/01\/31\/previsao-do-tempo-para-esta-sexta-feira-em-toda-paraiba-27\/","title":{"rendered":"Previs\u00e3o do tempo para esta sexta-feira em toda Para\u00edba"},"content":{"rendered":"\n<p>O V\u00f3rtice Cicl\u00f4nico de Altos N\u00edveis (VCAN) continua atuando sobre a Regi\u00e3o Nordeste do Brasil e contribuindo para a forma\u00e7\u00e3o de \u00e1reas de instabilidade sobre o estado da Para\u00edba. A tend\u00eancia \u00e9 que o tempo permanece com muitas nuvens e a ocorr\u00eancia de chuvas isoladas, podendo ocorrer chuvas mais significativas nas regi\u00f5es do Cariri, Sert\u00e3o e Alto Sert\u00e3o.<\/p>\n\n\n\n<div class=\"wp-block-image\"><figure class=\"aligncenter\"><img decoding=\"async\" data-src=\"https:\/\/paraibaonline.com.br\/wp-content\/uploads\/2020\/01\/tempo3101.jpg\" alt=\"Para\u00edba Online \u2022 Previs\u00e3o do tempo para esta sexta-feira em toda Para\u00edba\" class=\"wp-image-834051 lazyload\" src=\"data:image\/svg+xml;base64,PHN2ZyB3aWR0aD0iMSIgaGVpZ2h0PSIxIiB4bWxucz0iaHR0cDovL3d3dy53My5vcmcvMjAwMC9zdmciPjwvc3ZnPg==\" \/><\/figure><\/div>\n\n\n\n<p>*Fonte: Aesa<\/p>\n","protected":false},"excerpt":{"rendered":"<p>O V\u00f3rtice Cicl\u00f4nico de Altos N\u00edveis (VCAN) continua atuando sobre a Regi\u00e3o Nordeste do Brasil e contribuindo para a forma\u00e7\u00e3o de \u00e1reas de instabilidade sobre&hellip; <\/p>\n","protected":false},"author":1,"featured_media":51185,"comment_status":"closed","ping_status":"closed","sticky":false,"template":"","format":"standard","meta":{"sfsi_plus_gutenberg_text_before_share":"","sfsi_plus_gutenberg_show_text_before_share":"","sfsi_plus_gutenberg_icon_type":"","sfsi_plus_gutenberg_icon_alignemt":"","sfsi_plus_gutenburg_max_per_row":"","footnotes":""},"categories":[6],"tags":[],"class_list":["post-150529","post","type-post","status-publish","format-standard","has-post-thumbnail","hentry","category-cidades"],"_links":{"self":[{"href":"https:\/\/www.caririemacao.com\/1\/wp-json\/wp\/v2\/posts\/150529","targetHints":{"allow":["GET"]}}],"collection":[{"href":"https:\/\/www.caririemacao.com\/1\/wp-json\/wp\/v2\/posts"}],"about":[{"href":"https:\/\/www.caririemacao.com\/1\/wp-json\/wp\/v2\/types\/post"}],"author":[{"embeddable":true,"href":"https:\/\/www.caririemacao.com\/1\/wp-json\/wp\/v2\/users\/1"}],"replies":[{"embeddable":true,"href":"https:\/\/www.caririemacao.com\/1\/wp-json\/wp\/v2\/comments?post=150529"}],"version-history":[{"count":1,"href":"https:\/\/www.caririemacao.com\/1\/wp-json\/wp\/v2\/posts\/150529\/revisions"}],"predecessor-version":[{"id":150530,"href":"https:\/\/www.caririemacao.com\/1\/wp-json\/wp\/v2\/posts\/150529\/revisions\/150530"}],"wp:featuredmedia":[{"embeddable":true,"href":"https:\/\/www.caririemacao.com\/1\/wp-json\/wp\/v2\/media\/51185"}],"wp:attachment":[{"href":"https:\/\/www.caririemacao.com\/1\/wp-json\/wp\/v2\/media?parent=150529"}],"wp:term":[{"taxonomy":"category","embeddable":true,"href":"https:\/\/www.caririemacao.com\/1\/wp-json\/wp\/v2\/categories?post=150529"},{"taxonomy":"post_tag","embeddable":true,"href":"https:\/\/www.caririemacao.com\/1\/wp-json\/wp\/v2\/tags?post=150529"}],"curies":[{"name":"wp","href":"https:\/\/api.w.org\/{rel}","templated":true}]}}