{"id":150532,"date":"2020-01-31T09:01:44","date_gmt":"2020-01-31T12:01:44","guid":{"rendered":"http:\/\/www.caririemacao.com\/1\/?p=150532"},"modified":"2020-01-31T09:01:46","modified_gmt":"2020-01-31T12:01:46","slug":"ministerio-da-saude-envia-duas-toneladas-de-medicamentos-para-minas-gerais","status":"publish","type":"post","link":"https:\/\/www.caririemacao.com\/1\/2020\/01\/31\/ministerio-da-saude-envia-duas-toneladas-de-medicamentos-para-minas-gerais\/","title":{"rendered":"Minist\u00e9rio da Sa\u00fade envia duas toneladas de medicamentos para Minas Gerais"},"content":{"rendered":"\n<p> Para garantir a assist\u00eancia \u00e0 popula\u00e7\u00e3o dos munic\u00edpios afetados pelas enchentes em Minas Gerais, o Minist\u00e9rio da Sa\u00fade autorizou o envio de cerca de 2 toneladas de medicamentos e insumos.At\u00e9 o momento est\u00e3o garantidos para Minas Gerais 8 \u201ckits Calamidades\u201d, com capacidade para atender cerca de 12 mil pessoas ao m\u00eas.Cada \u201ckit Calamidade\u201d \u00e9 composto por 30 tipos de medicamentos e 18 tipos de insumos, incluindo antibi\u00f3ticos, anti-inflamat\u00f3rios, cateter, e esparadrapo.<\/p>\n\n\n\n<p>Do total dos 8 kits autorizados, quatro j\u00e1 foram entregues: 1 kit para o munic\u00edpio de Ibirit\u00e9, 2 kits para Manhua\u00e7u e 1 kit para Contagem.<\/p>\n\n\n\n<p>Mais quatro j\u00e1 foram autorizados: 2 kits para a cidade&nbsp; de Sabar\u00e1, 1 kit para S\u00e3o Gon\u00e7alo do Rio Abaixo e 1 kit para Cataguases.<\/p>\n\n\n\n<p>O minist\u00e9rio da Sa\u00fade tamb\u00e9m j\u00e1 enviou ao estado mais de 63 mil doses da vacina hepatite A.<\/p>\n\n\n\n<p>Foram doados tamb\u00e9m pelo Minist\u00e9rio da Sa\u00fade a Minas Gerais 90 ve\u00edculos novos do SAMU, renovando 100% a frota do servi\u00e7o no estado mineiro.<\/p>\n\n\n\n<p>Para isso, foram investidos R$ 15,5 milh\u00f5es.&nbsp;<\/p>\n","protected":false},"excerpt":{"rendered":"<p>Para garantir a assist\u00eancia \u00e0 popula\u00e7\u00e3o dos munic\u00edpios afetados pelas enchentes em Minas Gerais, o Minist\u00e9rio da Sa\u00fade autorizou o envio de cerca de 2&hellip; <\/p>\n","protected":false},"author":1,"featured_media":2214,"comment_status":"closed","ping_status":"closed","sticky":false,"template":"","format":"standard","meta":{"sfsi_plus_gutenberg_text_before_share":"","sfsi_plus_gutenberg_show_text_before_share":"","sfsi_plus_gutenberg_icon_type":"","sfsi_plus_gutenberg_icon_alignemt":"","sfsi_plus_gutenburg_max_per_row":"","footnotes":""},"categories":[16],"tags":[],"class_list":["post-150532","post","type-post","status-publish","format-standard","has-post-thumbnail","hentry","category-saude"],"_links":{"self":[{"href":"https:\/\/www.caririemacao.com\/1\/wp-json\/wp\/v2\/posts\/150532","targetHints":{"allow":["GET"]}}],"collection":[{"href":"https:\/\/www.caririemacao.com\/1\/wp-json\/wp\/v2\/posts"}],"about":[{"href":"https:\/\/www.caririemacao.com\/1\/wp-json\/wp\/v2\/types\/post"}],"author":[{"embeddable":true,"href":"https:\/\/www.caririemacao.com\/1\/wp-json\/wp\/v2\/users\/1"}],"replies":[{"embeddable":true,"href":"https:\/\/www.caririemacao.com\/1\/wp-json\/wp\/v2\/comments?post=150532"}],"version-history":[{"count":1,"href":"https:\/\/www.caririemacao.com\/1\/wp-json\/wp\/v2\/posts\/150532\/revisions"}],"predecessor-version":[{"id":150533,"href":"https:\/\/www.caririemacao.com\/1\/wp-json\/wp\/v2\/posts\/150532\/revisions\/150533"}],"wp:featuredmedia":[{"embeddable":true,"href":"https:\/\/www.caririemacao.com\/1\/wp-json\/wp\/v2\/media\/2214"}],"wp:attachment":[{"href":"https:\/\/www.caririemacao.com\/1\/wp-json\/wp\/v2\/media?parent=150532"}],"wp:term":[{"taxonomy":"category","embeddable":true,"href":"https:\/\/www.caririemacao.com\/1\/wp-json\/wp\/v2\/categories?post=150532"},{"taxonomy":"post_tag","embeddable":true,"href":"https:\/\/www.caririemacao.com\/1\/wp-json\/wp\/v2\/tags?post=150532"}],"curies":[{"name":"wp","href":"https:\/\/api.w.org\/{rel}","templated":true}]}}