{"id":150534,"date":"2020-01-31T09:08:31","date_gmt":"2020-01-31T12:08:31","guid":{"rendered":"http:\/\/www.caririemacao.com\/1\/?p=150534"},"modified":"2020-01-31T09:08:33","modified_gmt":"2020-01-31T12:08:33","slug":"olimpiada-brasileira-de-matematica-inova-e-premia-medalhistas-em-natal","status":"publish","type":"post","link":"https:\/\/www.caririemacao.com\/1\/2020\/01\/31\/olimpiada-brasileira-de-matematica-inova-e-premia-medalhistas-em-natal\/","title":{"rendered":"Olimp\u00edada Brasileira de Matem\u00e1tica inova e premia medalhistas em Natal"},"content":{"rendered":"\n<p>A premia\u00e7\u00e3o da 41\u00aa edi\u00e7\u00e3o da Olimp\u00edada Brasileira de Matem\u00e1tica (OBM) e do 1\u00ba Torneio Meninas na Matem\u00e1tica (TM2), realizados no ano passado, ocorre hoje (31) \u00e0 noite em Natal (RN). A cerim\u00f4nia faz parte da 23\u00aa Semana Ol\u00edmpica, que acontece nessa capital desde 26 de janeiro e se estende at\u00e9 amanh\u00e3 (1\u00ba de fevereiro). Participar\u00e3o do evento 133 estudantes do ensino fundamental, m\u00e9dio e universit\u00e1rio. A OBM e a TM2 s\u00e3o promovidos pelo Instituto de Matem\u00e1tica Pura e Aplicada (IMPA) e pela Sociedade Brasileira de Matem\u00e1tica (SBM).<\/p>\n\n\n\n<p>Um dos medalhistas de ouro \u00e9 Gabriel Bastos Vasconcelos Duarte, de 13 anos. Ele concorreu na OBM pela primeira vez em 2018, quando estava na sexta s\u00e9rie do fundamental, e tirou ouro. \u201cFoi uma surpresa. Eu n\u00e3o esperava\u201d, disse \u00e0&nbsp;<strong>Ag\u00eancia Brasil<\/strong>&nbsp;o pai de Gabriel, Gustavo Duarte, professor de matem\u00e1tica. Destacou que o filho foi o \u00fanico representante das regi\u00f5es Norte, Nordeste e Centro-Oeste a tirar medalha de ouro naquele ano. Em 2019, Gabriel estudou mais e conseguiu novamente conquistar uma medalha de ouro.<\/p>\n\n\n\n<p>Gustavo confidenciou que a matem\u00e1tica n\u00e3o \u00e9 a \u00fanica paix\u00e3o do filho. No ano passado, ele trouxe para o Brasil o t\u00edtulo de vice-campe\u00e3o sul-americano de jud\u00f4, quando tinha 12 anos e estava na faixa verde do esporte. Hoje, ele est\u00e1 na faixa roxa. \u201cFoi o primeiro campeonato dele internacional\u201d, vibrou o pai. Em conversa com a&nbsp;<strong>Ag\u00eancia Brasil<\/strong>, Gabriel relatou que estudou muito para a prova da OBM, tanto em 2018 como em 2019. \u201cEu n\u00e3o esperava ter esse resultado\u201d, manifestou Gabriel. Em 2020, ele vai cursar a oitava s\u00e9rie do ensino fundamental e pretende continuar estudando para ganhar de novo na OBM. Os planos n\u00e3o param por a\u00ed. Quando estiver no ensino m\u00e9dio, o menino quer aprender mais para, \u201cquando ficar mais velho\u201d, poder disputar at\u00e9 olimp\u00edadas internacionais.<\/p>\n\n\n\n<p>Gabriel Duarte quer continuar estudando matem\u00e1tica na universidade. Ele incentiva o estudo da disciplina para as crian\u00e7as da sua idade, \u00e0s quais faz uma recomenda\u00e7\u00e3o: \u201cNunca \u00e9 tarde demais para come\u00e7ar a estudar (matem\u00e1tica) de forma intensiva. Com isso, os resultados n\u00e3o v\u00eam de forma r\u00e1pida, mas quando v\u00eam s\u00e3o de forma expressiva\u201d.<\/p>\n\n\n\n<h2 class=\"wp-block-heading\">Universit\u00e1rios<\/h2>\n\n\n\n<p>A 41\u00aa edi\u00e7\u00e3o da OBM, realizada no ano passado, marca a segunda medalha de ouro na categoria universit\u00e1ria para George Lucas Diniz de Alencar, 21 anos, aluno do Departamento de Matem\u00e1tica do Centro T\u00e9cnico Cient\u00edfico da Pontif\u00edcia Universidade Cat\u00f3lica do Rio de Janeiro (CTC\/PUC-Rio). A primeira foi conquistada em 2017. No ano seguinte, George foi prata. \u201cNa \u00faltima competi\u00e7\u00e3o, a prova estava relativamente mais dif\u00edcil, mas eu gostei do estilo de prova. Tive uma boa prepara\u00e7\u00e3o durante esse ano porque algumas aulas na PUC eram voltadas para a olimp\u00edada. Isso ajudou pra caramba!\u201d.<\/p>\n\n\n\n<p>George vai cursar o segundo ano de matem\u00e1tica na PUC-Rio este ano e est\u00e1 na d\u00favida entre ser pesquisador ou professor. Depois de graduado, pretende voltar para o Nordeste, onde nasceu. Ainda n\u00e3o decidiu se far\u00e1 a p\u00f3s-gradua\u00e7\u00e3o no Rio de Janeiro ou no exterior. A primeira participa\u00e7\u00e3o de George na OBM foi em 2012, quando estava na 9\u00aa s\u00e9rie do ensino fundamental, mas a primeira medalha, de bronze, ele ganhou somente em 2014. A partir da\u00ed foram mais duas medalhas de ouro no ensino m\u00e9dio. Ele fez as provas em novembro de 2019, com cerca de 1.290 jovens de todo o Brasil nessa categoria, e foi um dos quatro a conquistar ouro na OBM de n\u00edvel mais alto. Com isso, a PUC-Rio obteve o \u00fanico ouro de uma universidade fluminense na OBM 2019.<\/p>\n\n\n\n<h2 class=\"wp-block-heading\">Meninas<\/h2>\n\n\n\n<p>O 1\u00ba Torneio Meninas na Matem\u00e1tica (TM2) representou para a medalhista de ouro do n\u00edvel 2, que compreende a 8\u00aa e 9\u00aa s\u00e9ries do ensino fundamental, Fabricia Cardoso Marques, de Fortaleza (CE), 14 anos de idade, \u201cuma experi\u00eancia incr\u00edvel\u201d. Disse \u00e0&nbsp;<strong>Ag\u00eancia Brasil<\/strong>&nbsp;ter feito amizade com muitas participantes do torneio e afirmou que n\u00e3o esperava ganhar medalha. Fabricia acredita que o torneio pode incentivar outras garotas a cursar matem\u00e1tica e participar de competi\u00e7\u00f5es como essa. Ela ainda n\u00e3o decidiu se quando concluir o ensino m\u00e9dio far\u00e1 vestibular para matem\u00e1tica ou engenharia. \u201cAinda estou na d\u00favida\u201d. A matem\u00e1tica \u00e9 velha conhecida de Fabricia, que tem tr\u00eas medalhas de prata na Olimp\u00edada Brasileira de Matem\u00e1tica das Escolas P\u00fablicas e Particulares (OBMEP).<\/p>\n\n\n\n<p>Outra medalhista de ouro do torneio foi Maria Clara Werneck, 18 anos, natural do Rio de Janeiro. Maria Clara acredita que muitas meninas que disputaram esse primeiro torneio se sentiram mais estimuladas a participar de olimp\u00edadas de matem\u00e1tica. Esclareceu que isso n\u00e3o significa, contudo, que nas competi\u00e7\u00f5es o n\u00famero de meninas ser\u00e1 igual ao de meninos. \u201cMas pode-se dizer que j\u00e1 \u00e9 um come\u00e7o\u201d. Considerou que o torneio pode funcionar como uma \u201cporta de acesso\u201d feminina para as olimp\u00edadas de matem\u00e1tica.<\/p>\n\n\n\n<p>Quando disputou o torneio, no ano passado, Maria Clara estava concluindo a 3\u00aa s\u00e9rie do ensino m\u00e9dio. Fez o Exame Nacional do Ensino M\u00e9dio (Enem) e passou para matem\u00e1tica, na PUC-Rio, e para ci\u00eancia da computa\u00e7\u00e3o, na UFRJ. Lamentou que n\u00e3o d\u00e1 para fazer simultaneamente os dois cursos, porque s\u00e3o em hor\u00e1rio integral. Como ganhou bolsa na PUC, Maria Clara tende a ficar com essa primeira op\u00e7\u00e3o, porque tem a possibilidade de fazer o ciclo b\u00e1sico e depois decidir que rumo tomar\u00e1.<\/p>\n\n\n\n<h2 class=\"wp-block-heading\">Retrocesso<\/h2>\n\n\n\n<p>O diretor adjunto do IMPA, Claudio Landim, n\u00e3o tem d\u00favidas que o torneio vai estimular muito a participa\u00e7\u00e3o feminina nas olimp\u00edadas de matem\u00e1tica. Disse que pela primeira vez, o IMPA convidou um grande n\u00famero de meninas a participar da Semana Ol\u00edmpica para treinarem e se prepararem, \u201cesperando, com isso, que a gente melhore o desempenho do Brasil nos torneios femininos de matem\u00e1tica. Por outro lado, esperando que isso estimule a participa\u00e7\u00e3o de outras meninas nas olimp\u00edadas de matem\u00e1tica\u201d.<\/p>\n\n\n\n<p>Segundo Landim, a baixa participa\u00e7\u00e3o de meninas nas olimp\u00edadas equivale mais a \u201cum retrocesso\u201d. Citou estat\u00edsticas que mostram que meninas com bom desempenho na primeira fase da OBM n\u00e3o participam da segunda fase. \u201c\u00c9 um fen\u00f4meno curioso que j\u00e1 foi observado em outros pa\u00edses. \u00c9 como se elas n\u00e3o quisessem ter sucesso\u201d. Landim afirmou a necessidade de se tentar explicar esse fen\u00f4meno para que possam ser encontrados mecanismos que incentivem meninas com talento para a matem\u00e1tica a desenvolverem seus potenciais.<\/p>\n\n\n\n<p>As melhores colocadas na OBM e no TM2 ser\u00e3o convidadas pelo IMPA a participar de treinamento no Rio de Janeiro. As que tiverem melhor desempenho poder\u00e3o integrar a equipe brasileira que disputar\u00e1 a \u2018European Girls Mathematical Olympiad\u2019 (EGMO) 2020, sediada em Egmond, Holanda.<\/p>\n\n\n\n<h2 class=\"wp-block-heading\">Semana Ol\u00edmpica<\/h2>\n\n\n\n<p>De acordo com informa\u00e7\u00e3o do IMPA, a programa\u00e7\u00e3o da Semana Ol\u00edmpica foi elaborada por 31 professores especialistas em matem\u00e1tica ol\u00edmpica de todo pa\u00eds e engloba aulas, sess\u00f5es de estudo, palestras, simulados e provas. Durante a Semana Ol\u00edmpica s\u00e3o realizados os primeiros testes de sele\u00e7\u00e3o para as equipes que v\u00e3o disputar competi\u00e7\u00f5es internacionais de matem\u00e1tica, entre as quais a Olimp\u00edada do Cone Sul, no Paraguai; a Olimp\u00edada de Matem\u00e1tica da Comunidade dos Pa\u00edses de L\u00edngua Portuguesa (OMCPLP); e a EGMO 2020. A EGMO inspirou a cria\u00e7\u00e3o pelo IMPA do Torneio Meninas na Matem\u00e1tica (TM2) que teve a primeira edi\u00e7\u00e3o no ano passado e contou com a participa\u00e7\u00e3o de 171 estudantes.<\/p>\n","protected":false},"excerpt":{"rendered":"<p>A premia\u00e7\u00e3o da 41\u00aa edi\u00e7\u00e3o da Olimp\u00edada Brasileira de Matem\u00e1tica (OBM) e do 1\u00ba Torneio Meninas na Matem\u00e1tica (TM2), realizados no ano passado, ocorre hoje&hellip; <\/p>\n","protected":false},"author":1,"featured_media":150535,"comment_status":"closed","ping_status":"closed","sticky":false,"template":"","format":"standard","meta":{"sfsi_plus_gutenberg_text_before_share":"","sfsi_plus_gutenberg_show_text_before_share":"","sfsi_plus_gutenberg_icon_type":"","sfsi_plus_gutenberg_icon_alignemt":"","sfsi_plus_gutenburg_max_per_row":"","footnotes":""},"categories":[14],"tags":[],"class_list":["post-150534","post","type-post","status-publish","format-standard","has-post-thumbnail","hentry","category-educacao"],"_links":{"self":[{"href":"https:\/\/www.caririemacao.com\/1\/wp-json\/wp\/v2\/posts\/150534","targetHints":{"allow":["GET"]}}],"collection":[{"href":"https:\/\/www.caririemacao.com\/1\/wp-json\/wp\/v2\/posts"}],"about":[{"href":"https:\/\/www.caririemacao.com\/1\/wp-json\/wp\/v2\/types\/post"}],"author":[{"embeddable":true,"href":"https:\/\/www.caririemacao.com\/1\/wp-json\/wp\/v2\/users\/1"}],"replies":[{"embeddable":true,"href":"https:\/\/www.caririemacao.com\/1\/wp-json\/wp\/v2\/comments?post=150534"}],"version-history":[{"count":1,"href":"https:\/\/www.caririemacao.com\/1\/wp-json\/wp\/v2\/posts\/150534\/revisions"}],"predecessor-version":[{"id":150536,"href":"https:\/\/www.caririemacao.com\/1\/wp-json\/wp\/v2\/posts\/150534\/revisions\/150536"}],"wp:featuredmedia":[{"embeddable":true,"href":"https:\/\/www.caririemacao.com\/1\/wp-json\/wp\/v2\/media\/150535"}],"wp:attachment":[{"href":"https:\/\/www.caririemacao.com\/1\/wp-json\/wp\/v2\/media?parent=150534"}],"wp:term":[{"taxonomy":"category","embeddable":true,"href":"https:\/\/www.caririemacao.com\/1\/wp-json\/wp\/v2\/categories?post=150534"},{"taxonomy":"post_tag","embeddable":true,"href":"https:\/\/www.caririemacao.com\/1\/wp-json\/wp\/v2\/tags?post=150534"}],"curies":[{"name":"wp","href":"https:\/\/api.w.org\/{rel}","templated":true}]}}