{"id":150537,"date":"2020-01-31T09:10:39","date_gmt":"2020-01-31T12:10:39","guid":{"rendered":"http:\/\/www.caririemacao.com\/1\/?p=150537"},"modified":"2020-01-31T09:10:40","modified_gmt":"2020-01-31T12:10:40","slug":"taxa-de-desemprego-no-pais-fecha-2019-em-119","status":"publish","type":"post","link":"https:\/\/www.caririemacao.com\/1\/2020\/01\/31\/taxa-de-desemprego-no-pais-fecha-2019-em-119\/","title":{"rendered":"Taxa de desemprego no pa\u00eds fecha 2019 em 11,9%"},"content":{"rendered":"\n<p>A taxa m\u00e9dia de desemprego no pa\u00eds caiu para 11,9% em 2019. A taxa \u00e9 inferior \u00e0 registrada em 2018, que havia fechado o ano em 12,3%.<\/p>\n\n\n\n<p>Os dados s\u00e3o da Pesquisa Nacional por Amostra de Domic\u00edlios \u2013 Cont\u00ednua (Pnad-C), divulgada&nbsp;hoje&nbsp;(31) pelo Instituto Brasileiro de Geografia e Estat\u00edstica (IBGE).<br><br>No quarto trimestre do ano, a taxa de desemprego ficou em 11%. No terceiro trimestre do ano, o \u00edndice havia sido de 11,8%.<\/p>\n","protected":false},"excerpt":{"rendered":"<p>A taxa m\u00e9dia de desemprego no pa\u00eds caiu para 11,9% em 2019. A taxa \u00e9 inferior \u00e0 registrada em 2018, que havia fechado o ano&hellip; <\/p>\n","protected":false},"author":1,"featured_media":150538,"comment_status":"closed","ping_status":"closed","sticky":false,"template":"","format":"standard","meta":{"sfsi_plus_gutenberg_text_before_share":"","sfsi_plus_gutenberg_show_text_before_share":"","sfsi_plus_gutenberg_icon_type":"","sfsi_plus_gutenberg_icon_alignemt":"","sfsi_plus_gutenburg_max_per_row":"","footnotes":""},"categories":[2],"tags":[],"class_list":["post-150537","post","type-post","status-publish","format-standard","has-post-thumbnail","hentry","category-geral"],"_links":{"self":[{"href":"https:\/\/www.caririemacao.com\/1\/wp-json\/wp\/v2\/posts\/150537","targetHints":{"allow":["GET"]}}],"collection":[{"href":"https:\/\/www.caririemacao.com\/1\/wp-json\/wp\/v2\/posts"}],"about":[{"href":"https:\/\/www.caririemacao.com\/1\/wp-json\/wp\/v2\/types\/post"}],"author":[{"embeddable":true,"href":"https:\/\/www.caririemacao.com\/1\/wp-json\/wp\/v2\/users\/1"}],"replies":[{"embeddable":true,"href":"https:\/\/www.caririemacao.com\/1\/wp-json\/wp\/v2\/comments?post=150537"}],"version-history":[{"count":1,"href":"https:\/\/www.caririemacao.com\/1\/wp-json\/wp\/v2\/posts\/150537\/revisions"}],"predecessor-version":[{"id":150539,"href":"https:\/\/www.caririemacao.com\/1\/wp-json\/wp\/v2\/posts\/150537\/revisions\/150539"}],"wp:featuredmedia":[{"embeddable":true,"href":"https:\/\/www.caririemacao.com\/1\/wp-json\/wp\/v2\/media\/150538"}],"wp:attachment":[{"href":"https:\/\/www.caririemacao.com\/1\/wp-json\/wp\/v2\/media?parent=150537"}],"wp:term":[{"taxonomy":"category","embeddable":true,"href":"https:\/\/www.caririemacao.com\/1\/wp-json\/wp\/v2\/categories?post=150537"},{"taxonomy":"post_tag","embeddable":true,"href":"https:\/\/www.caririemacao.com\/1\/wp-json\/wp\/v2\/tags?post=150537"}],"curies":[{"name":"wp","href":"https:\/\/api.w.org\/{rel}","templated":true}]}}