{"id":150540,"date":"2020-01-31T09:13:02","date_gmt":"2020-01-31T12:13:02","guid":{"rendered":"http:\/\/www.caririemacao.com\/1\/?p=150540"},"modified":"2020-01-31T09:13:04","modified_gmt":"2020-01-31T12:13:04","slug":"china-tem-mais-de-200-mortos-em-consequencia-do-coronavirus","status":"publish","type":"post","link":"https:\/\/www.caririemacao.com\/1\/2020\/01\/31\/china-tem-mais-de-200-mortos-em-consequencia-do-coronavirus\/","title":{"rendered":"China tem mais de 200 mortos em consequ\u00eancia do coronav\u00edrus"},"content":{"rendered":"\n<p>Autoridades da China informaram que, atualmente, 213 pessoas morreram ap\u00f3s contrair o coronav\u00edrus, e que o n\u00famero de infec\u00e7\u00f5es confirmadas ultrapassou 9.600.<\/p>\n\n\n\n<p>Trabalhadores do setor m\u00e9dico est\u00e3o extremamente ocupados em Hubei, prov\u00edncia em que apareceu o surto. Mais de 30 mil pessoas por dia t\u00eam procurado hospitais e cl\u00ednicas locais com febre.<\/p>\n\n\n\n<p>O n\u00famero de casos est\u00e1 se elevando tamb\u00e9m fora da China continental. Mais de 120 casos de infec\u00e7\u00e3o foram constatados em mais de 20 pa\u00edses e territ\u00f3rios. A It\u00e1lia acabou de confirmar os dois primeiros casos, ambos de turistas chineses.<\/p>\n\n\n\n<p>At\u00e9 agora, h\u00e1 suspeita de casos de transmiss\u00e3o do v\u00edrus entre pessoas no Vietn\u00e3, em Taiwan,no&nbsp; Jap\u00e3o, na Alemanha, Fran\u00e7a e nos Estados Unidos.<\/p>\n\n\n\n<p>O governo americano aumentou os alertas de viagens ao n\u00edvel mais alto e est\u00e1 pedindo aos seus cidad\u00e3os que evitem ir \u00e0 China e pensem em sair de l\u00e1, caso estejam naquele pa\u00eds.<\/p>\n\n\n\n<p>A Organiza\u00e7\u00e3o Mundial da Sa\u00fade declarou a epidemia emerg\u00eancia global, em uma tentativa de evitar que o v\u00edrus se alastre ainda mais al\u00e9m das fronteiras. Esta \u00e9 a sexta vez que a organiza\u00e7\u00e3o toma essa medida, que foi colocada em pr\u00e1tica, entre outras, durante a gripe su\u00edna em 2009, a prolifera\u00e7\u00e3o da poliomielite em 2014, e a epidemia do v\u00edrus Ebola em 2019.<\/p>\n","protected":false},"excerpt":{"rendered":"<p>Autoridades da China informaram que, atualmente, 213 pessoas morreram ap\u00f3s contrair o coronav\u00edrus, e que o n\u00famero de infec\u00e7\u00f5es confirmadas ultrapassou 9.600. Trabalhadores do setor&hellip; <\/p>\n","protected":false},"author":1,"featured_media":150541,"comment_status":"closed","ping_status":"closed","sticky":false,"template":"","format":"standard","meta":{"sfsi_plus_gutenberg_text_before_share":"","sfsi_plus_gutenberg_show_text_before_share":"","sfsi_plus_gutenberg_icon_type":"","sfsi_plus_gutenberg_icon_alignemt":"","sfsi_plus_gutenburg_max_per_row":"","footnotes":""},"categories":[2],"tags":[],"class_list":["post-150540","post","type-post","status-publish","format-standard","has-post-thumbnail","hentry","category-geral"],"_links":{"self":[{"href":"https:\/\/www.caririemacao.com\/1\/wp-json\/wp\/v2\/posts\/150540","targetHints":{"allow":["GET"]}}],"collection":[{"href":"https:\/\/www.caririemacao.com\/1\/wp-json\/wp\/v2\/posts"}],"about":[{"href":"https:\/\/www.caririemacao.com\/1\/wp-json\/wp\/v2\/types\/post"}],"author":[{"embeddable":true,"href":"https:\/\/www.caririemacao.com\/1\/wp-json\/wp\/v2\/users\/1"}],"replies":[{"embeddable":true,"href":"https:\/\/www.caririemacao.com\/1\/wp-json\/wp\/v2\/comments?post=150540"}],"version-history":[{"count":1,"href":"https:\/\/www.caririemacao.com\/1\/wp-json\/wp\/v2\/posts\/150540\/revisions"}],"predecessor-version":[{"id":150542,"href":"https:\/\/www.caririemacao.com\/1\/wp-json\/wp\/v2\/posts\/150540\/revisions\/150542"}],"wp:featuredmedia":[{"embeddable":true,"href":"https:\/\/www.caririemacao.com\/1\/wp-json\/wp\/v2\/media\/150541"}],"wp:attachment":[{"href":"https:\/\/www.caririemacao.com\/1\/wp-json\/wp\/v2\/media?parent=150540"}],"wp:term":[{"taxonomy":"category","embeddable":true,"href":"https:\/\/www.caririemacao.com\/1\/wp-json\/wp\/v2\/categories?post=150540"},{"taxonomy":"post_tag","embeddable":true,"href":"https:\/\/www.caririemacao.com\/1\/wp-json\/wp\/v2\/tags?post=150540"}],"curies":[{"name":"wp","href":"https:\/\/api.w.org\/{rel}","templated":true}]}}